{"id":105758,"date":"2019-06-13T00:00:00","date_gmt":"2019-06-13T00:00:00","guid":{"rendered":"https:\/\/www.airpes.com\/?p=105758"},"modified":"2022-02-11T09:01:29","modified_gmt":"2022-02-11T09:01:29","slug":"carro-de-transferencia-60t-volkswagen","status":"publish","type":"post","link":"https:\/\/www.airpes.com\/es\/carro-de-transferencia-60t-volkswagen\/","title":{"rendered":"Carro de transferencia 60T"},"content":{"rendered":"<div class=\"wpb-content-wrapper\"><section class=\"vc_row wpb_row vc_row-fluid\"><div class=\"wpb_column vc_column_container col-xs-mobile-fullwidth vc_col-sm-12\"><div class=\"vc_column-inner\"><div class=\"wpb_wrapper\"><div class=\"text-block-content hongo-text-block-1 last-paragraph-no-margin\"><h2 style=\"text-align: left;\">Carro de transferencia 60T<\/h2>\n<p>&nbsp;<\/p>\n<p>En este art\u00edculo queremos presentarte uno de nuestros \u00faltimos proyectos, un <strong>carro de transferencia para Volkswagen con capacidad para mover objetos de hasta 60 toneladas<\/strong>.<\/p>\n<\/div><\/div><\/div><\/div><\/section><section class=\"vc_row wpb_row vc_row-fluid\"><div class=\"wpb_column vc_column_container col-xs-mobile-fullwidth vc_col-sm-12\"><div class=\"vc_column-inner\"><div class=\"wpb_wrapper\">[vc_video link=\u00bbhttps:\/\/youtu.be\/moYjYX4m9z0&#8243;]<\/div><\/div><\/div><\/section><section class=\"vc_row wpb_row vc_row-fluid\"><div class=\"wpb_column vc_column_container col-xs-mobile-fullwidth vc_col-sm-12\"><div class=\"vc_column-inner\"><div class=\"wpb_wrapper\">[vc_separator color=\u00bbblack\u00bb border_width=\u00bb2&#8243;]<\/div><\/div><\/div><\/section><section class=\"vc_row wpb_row vc_row-fluid\"><div class=\"wpb_column vc_column_container col-xs-mobile-fullwidth vc_col-sm-12\"><div class=\"vc_column-inner\"><div class=\"wpb_wrapper\"><div class=\"text-block-content hongo-text-block-2 last-paragraph-no-margin\"><h3 style=\"text-align: left;\">Carros de transferencia: \u00bfcu\u00e1ndo son necesarios?<\/h3>\n<p>&nbsp;<\/p>\n<p>Los carros de transferencia son la opci\u00f3n perfecta para <strong>mover cargas pesadas por el suelo<\/strong>. Las razones para utilizar carros de transferencia en vez de gr\u00faas para mover objetos son varias:<\/p>\n<ul>\n<li><span style=\"text-decoration: underline;\">El objeto es tan pesado<\/span> que sobrepasa los l\u00edmites de carga que puede elevar nuestra gr\u00faa.<\/li>\n<li><span style=\"text-decoration: underline;\">Necesitamos mover la carga una distancia m\u00e1s grande<\/span> que la que podemos cubrir con una gr\u00faa (por ejemplo en el caso de necesitar transportar la carga de una nave a otra o de un espacio de trabajo a otro).<\/li>\n<li><span style=\"text-decoration: underline;\">El objeto o carga a transportar debe reposicionarse<\/span> o reorientarse y nuestra gr\u00faa no dispone de polipasto rotativo.<\/li>\n<li><span style=\"text-decoration: underline;\">El espacio del que disponemos es muy poco<\/span> para realizar las maniobras con una gr\u00faa.<\/li>\n<li><span style=\"text-decoration: underline;\">Existen l\u00edmites estructurales<\/span> que no podemos eliminar ni salvar con una gr\u00faa (columnas, vigas, muros separadores de espacios, espacios diferenciados y separados porque lo obliga la normativa de seguridad o anti-incendios\u2026)<\/li>\n<\/ul>\n<p>En cualquiera de estos casos un carro de transferencia es la soluci\u00f3n ideal para poder mover cualquier tipo de carga sin problemas, de forma eficaz y<strong> sin realizar una gran inversi\u00f3n en adaptar las instalaciones de la empresa<\/strong>.<\/p>\n<\/div><\/div><\/div><\/div><\/section><section class=\"vc_row wpb_row vc_row-fluid\"><div class=\"wpb_column vc_column_container col-xs-mobile-fullwidth vc_col-sm-12\"><div class=\"vc_column-inner\"><div class=\"wpb_wrapper\"><div class=\"text-block-content hongo-text-block-3 last-paragraph-no-margin\"><h2>A medida de tus necesidades<\/h2>\n<p>La gran ventaja de un carro de transferencia es que<strong> se puede adaptar exactamente a las caracter\u00edsticas de tu empresa<\/strong> o espacio de trabajo.<\/p>\n<blockquote><p>\n<strong><em>Para poner en marcha un carro de transferencia no se deber\u00e1n hacer grandes reformas o cambios en las instalaciones. <\/em><\/strong>\n<\/p><\/blockquote>\n<p><strong>Solamente ser\u00e1n necesarios trabajos de construcci\u00f3n de infraestructuras cuando se trate de carros de transferencia que se muevan sobre ra\u00edles.<\/strong> Tambi\u00e9n cuando se deban salvar accesos estos deber\u00e1n ser ampliados, pero son ocasiones muy puntuales en las que ocurre algo as\u00ed.<\/p>\n<\/div><\/div><\/div><\/div><\/section><section class=\"vc_row wpb_row vc_row-fluid\"><div class=\"wpb_column vc_column_container col-xs-mobile-fullwidth vc_col-sm-12\"><div class=\"vc_column-inner\"><div class=\"wpb_wrapper\">[vc_separator color=\u00bbblack\u00bb border_width=\u00bb2&#8243;]<div class=\"text-block-content hongo-text-block-4 last-paragraph-no-margin\"><h3 style=\"text-align: center;\">Carro de transferencia 60T para Volkswagen<\/h3>\n<\/div><\/div><\/div><\/div><\/section><section class=\"vc_row wpb_row vc_row-fluid\"><div class=\"wpb_column vc_column_container col-xs-mobile-fullwidth vc_col-sm-4\"><div class=\"vc_column-inner\"><div class=\"wpb_wrapper\"><div class=\"text-block-content hongo-text-block-5 vc_custom_1560437163323 last-paragraph-no-margin\"><p><strong>Capacidad de desplazar hasta 60 toneladas<\/strong><\/p>\n<\/div><\/div><\/div><\/div><div class=\"wpb_column vc_column_container col-xs-mobile-fullwidth vc_col-sm-4\"><div class=\"vc_column-inner\"><div class=\"wpb_wrapper\"><div class=\"text-block-content hongo-text-block-6 vc_custom_1560437271689 last-paragraph-no-margin\"><p><strong>Luces de seguridad<\/strong> cuando el carro se encuentra en movimiento<\/p>\n<\/div><\/div><\/div><\/div><div class=\"wpb_column vc_column_container col-xs-mobile-fullwidth vc_col-sm-4\"><div class=\"vc_column-inner\"><div class=\"wpb_wrapper\"><div class=\"text-block-content hongo-text-block-7 vc_custom_1560437298745 last-paragraph-no-margin\"><p><strong>Dise\u00f1ado exactamente<\/strong> a las peticiones del cliente<\/p>\n<\/div><\/div><\/div><\/div><\/section><section class=\"vc_row wpb_row vc_row-fluid\"><div class=\"wpb_column vc_column_container col-xs-mobile-fullwidth vc_col-sm-4\"><div class=\"vc_column-inner\"><div class=\"wpb_wrapper\"><div class=\"text-block-content hongo-text-block-8 vc_custom_1560437256858 last-paragraph-no-margin\"><p>Control del carro de transferencia mediante un <strong>sistema de radio control y mando inal\u00e1mbrico<\/strong>, sin necesidad de cableado ni cabina para el conductor<\/p>\n<\/div><\/div><\/div><\/div><div class=\"wpb_column vc_column_container col-xs-mobile-fullwidth vc_col-sm-4\"><div class=\"vc_column-inner\"><div class=\"wpb_wrapper\"><div class=\"text-block-content hongo-text-block-9 vc_custom_1560437185049 last-paragraph-no-margin\"><p>Los dos ejes del carro son <strong>ejes direccionales<\/strong> para maniobras perfectas y precisas<\/p>\n<\/div><\/div><\/div><\/div><div class=\"wpb_column vc_column_container col-xs-mobile-fullwidth vc_col-sm-4\"><div class=\"vc_column-inner\"><div class=\"wpb_wrapper\"><div class=\"text-block-content hongo-text-block-10 vc_custom_1560437204185 last-paragraph-no-margin\"><p>Carro de transferencia <strong>alimentado mediante bater\u00edas industriales de alta capacidad y potencia<\/strong> que permite mover la m\u00e1quina sin cableado<\/p>\n<\/div><\/div><\/div><\/div><\/section><section class=\"vc_row wpb_row vc_row-fluid\"><div class=\"wpb_column vc_column_container col-xs-mobile-fullwidth vc_col-sm-6\"><div class=\"vc_column-inner\"><div class=\"wpb_wrapper\"><div class=\"wpb_single_image vc_align_center   hongo-full-width-single-image\">\n\t\t\t<figure class=\"wpb_wrapper vc_figure\">\n\t\t\t\t<div class=\"vc_single_image-wrapper  \"><\/div>\n\t\t\t<\/figure>\n\t\t\t\n\t\t<\/div><\/div><\/div><\/div><div class=\"wpb_column vc_column_container col-xs-mobile-fullwidth vc_col-sm-6\"><div class=\"vc_column-inner\"><div class=\"wpb_wrapper\"><div class=\"wpb_single_image vc_align_center   hongo-full-width-single-image\">\n\t\t\t<figure class=\"wpb_wrapper vc_figure\">\n\t\t\t\t<div class=\"vc_single_image-wrapper  \"><\/div>\n\t\t\t<\/figure>\n\t\t\t\n\t\t<\/div><\/div><\/div><\/div><\/section><section class=\"vc_row wpb_row vc_row-fluid\"><div class=\"wpb_column vc_column_container col-xs-mobile-fullwidth vc_col-sm-12\"><div class=\"vc_column-inner\"><div class=\"wpb_wrapper\"><div class=\"text-block-content hongo-text-block-11 last-paragraph-no-margin\"><p>Recuerda que si necesitas un carro de transferencia para tu empresa <strong>en Airpes tenemos amplia experiencia en el dise\u00f1o y construcci\u00f3n de carros de transferencia de todo tipo y para cualquier industria<\/strong>, con capacidad para trabajar en entornos con riesgos explosivos o el\u00e9ctricos, en interior o exterior y adaptando el dise\u00f1o de la m\u00e1quina a otros sistemas elevadores o necesidades del cliente.<\/p>\n<\/div><\/div><\/div><\/div><\/section><section class=\"vc_row wpb_row vc_row-fluid\"><div class=\"wpb_column vc_column_container col-xs-mobile-fullwidth vc_col-sm-12\"><div class=\"vc_column-inner\"><div class=\"wpb_wrapper\">[vc_btn title=\u00bb\u00bfNecesitas un carro de transferencia? Contacta con nosotros\u00bb style=\u00bbcustom\u00bb custom_background=\u00bb#eeee22&#8243; custom_text=\u00bb#000000&#8243; align=\u00bbcenter\u00bb i_icon_fontawesome=\u00bbfa fa-envelope-o\u00bb link=\u00bburl:https%3A%2F%2Fwww.airpes.com%2Fes%2Fcontacto||\u00bb add_icon=\u00bbtrue\u00bb]<\/div><\/div><\/div><\/section>\n<\/div>","protected":false},"excerpt":{"rendered":"<p>En este art\u00edculo describimos el carro de transferencia de 60T que dise\u00f1amos y construimos para la multinacional automovil\u00edstica Volskwagen<\/p>\n","protected":false},"author":7,"featured_media":102542,"comment_status":"open","ping_status":"open","sticky":false,"template":"","format":"standard","meta":{"_acf_changed":false,"inline_featured_image":false,"footnotes":""},"categories":[231,234],"tags":[],"class_list":["post-105758","post","type-post","status-publish","format-standard","has-post-thumbnail","hentry","category-noticias","category-nuevos-productos"],"acf":[],"yoast_head":"<!-- This site is optimized with the Yoast SEO plugin v27.5 - https:\/\/yoast.com\/product\/yoast-seo-wordpress\/ -->\n<title>Carro de Transferencia 60T para Volkswagen | Airpes<\/title>\n<meta name=\"description\" content=\"En este art\u00edculo describimos el carro de transferencia de 60T que dise\u00f1amos y construimos para la multinacional automovil\u00edstica Volkswagen\" \/>\n<meta name=\"robots\" content=\"index, follow, max-snippet:-1, max-image-preview:large, max-video-preview:-1\" \/>\n<link rel=\"canonical\" href=\"https:\/\/www.airpes.com\/es\/carro-de-transferencia-60t-volkswagen\/\" \/>\n<meta property=\"og:locale\" content=\"es_ES\" \/>\n<meta property=\"og:type\" content=\"article\" \/>\n<meta property=\"og:title\" content=\"Carro de Transferencia 60T para Volkswagen | Airpes\" \/>\n<meta property=\"og:description\" content=\"En este art\u00edculo describimos el carro de transferencia de 60T que dise\u00f1amos y construimos para la multinacional automovil\u00edstica Volkswagen\" \/>\n<meta property=\"og:url\" content=\"https:\/\/www.airpes.com\/es\/carro-de-transferencia-60t-volkswagen\/\" \/>\n<meta property=\"og:site_name\" content=\"Airpes\" \/>\n<meta property=\"article:publisher\" content=\"https:\/\/www.facebook.com\/AIRPES\" \/>\n<meta property=\"article:published_time\" content=\"2019-06-13T00:00:00+00:00\" \/>\n<meta property=\"article:modified_time\" content=\"2022-02-11T09:01:29+00:00\" \/>\n<meta property=\"og:image\" content=\"https:\/\/www.airpes.com\/wp-content\/uploads\/2020\/09\/transfer-cart-60-tonnes-capacity.jpg\" \/>\n\t<meta property=\"og:image:width\" content=\"878\" \/>\n\t<meta property=\"og:image:height\" content=\"493\" \/>\n\t<meta property=\"og:image:type\" content=\"image\/jpeg\" \/>\n<meta name=\"author\" content=\"wide-marketing\" \/>\n<meta name=\"twitter:card\" content=\"summary_large_image\" \/>\n<meta name=\"twitter:creator\" content=\"@AIRPES\" \/>\n<meta name=\"twitter:site\" content=\"@AIRPES\" \/>\n<meta name=\"twitter:label1\" content=\"Escrito por\" \/>\n\t<meta name=\"twitter:data1\" content=\"wide-marketing\" \/>\n\t<meta name=\"twitter:label2\" content=\"Tiempo de lectura\" \/>\n\t<meta name=\"twitter:data2\" content=\"4 minutos\" \/>\n<script type=\"application\/ld+json\" class=\"yoast-schema-graph\">{\"@context\":\"https:\\\/\\\/schema.org\",\"@graph\":[{\"@type\":[\"Article\",\"BlogPosting\"],\"@id\":\"https:\\\/\\\/www.airpes.com\\\/es\\\/carro-de-transferencia-60t-volkswagen\\\/#article\",\"isPartOf\":{\"@id\":\"https:\\\/\\\/www.airpes.com\\\/es\\\/carro-de-transferencia-60t-volkswagen\\\/\"},\"author\":{\"name\":\"wide-marketing\",\"@id\":\"https:\\\/\\\/www.airpes.com\\\/es\\\/#\\\/schema\\\/person\\\/1cdaba084f4ca234033298e712955aa3\"},\"headline\":\"Carro de transferencia 60T\",\"datePublished\":\"2019-06-13T00:00:00+00:00\",\"dateModified\":\"2022-02-11T09:01:29+00:00\",\"mainEntityOfPage\":{\"@id\":\"https:\\\/\\\/www.airpes.com\\\/es\\\/carro-de-transferencia-60t-volkswagen\\\/\"},\"wordCount\":805,\"commentCount\":0,\"publisher\":{\"@id\":\"https:\\\/\\\/www.airpes.com\\\/es\\\/#organization\"},\"image\":{\"@id\":\"https:\\\/\\\/www.airpes.com\\\/es\\\/carro-de-transferencia-60t-volkswagen\\\/#primaryimage\"},\"thumbnailUrl\":\"https:\\\/\\\/www.airpes.com\\\/wp-content\\\/uploads\\\/2020\\\/09\\\/transfer-cart-60-tonnes-capacity.jpg\",\"articleSection\":[\"Noticias\",\"Nuevos productos\"],\"inLanguage\":\"es\",\"potentialAction\":[{\"@type\":\"CommentAction\",\"name\":\"Comment\",\"target\":[\"https:\\\/\\\/www.airpes.com\\\/es\\\/carro-de-transferencia-60t-volkswagen\\\/#respond\"]}]},{\"@type\":\"WebPage\",\"@id\":\"https:\\\/\\\/www.airpes.com\\\/es\\\/carro-de-transferencia-60t-volkswagen\\\/\",\"url\":\"https:\\\/\\\/www.airpes.com\\\/es\\\/carro-de-transferencia-60t-volkswagen\\\/\",\"name\":\"Carro de Transferencia 60T para Volkswagen | Airpes\",\"isPartOf\":{\"@id\":\"https:\\\/\\\/www.airpes.com\\\/es\\\/#website\"},\"primaryImageOfPage\":{\"@id\":\"https:\\\/\\\/www.airpes.com\\\/es\\\/carro-de-transferencia-60t-volkswagen\\\/#primaryimage\"},\"image\":{\"@id\":\"https:\\\/\\\/www.airpes.com\\\/es\\\/carro-de-transferencia-60t-volkswagen\\\/#primaryimage\"},\"thumbnailUrl\":\"https:\\\/\\\/www.airpes.com\\\/wp-content\\\/uploads\\\/2020\\\/09\\\/transfer-cart-60-tonnes-capacity.jpg\",\"datePublished\":\"2019-06-13T00:00:00+00:00\",\"dateModified\":\"2022-02-11T09:01:29+00:00\",\"description\":\"En este art\u00edculo describimos el carro de transferencia de 60T que dise\u00f1amos y construimos para la multinacional automovil\u00edstica Volkswagen\",\"breadcrumb\":{\"@id\":\"https:\\\/\\\/www.airpes.com\\\/es\\\/carro-de-transferencia-60t-volkswagen\\\/#breadcrumb\"},\"inLanguage\":\"es\",\"potentialAction\":[{\"@type\":\"ReadAction\",\"target\":[\"https:\\\/\\\/www.airpes.com\\\/es\\\/carro-de-transferencia-60t-volkswagen\\\/\"]}]},{\"@type\":\"ImageObject\",\"inLanguage\":\"es\",\"@id\":\"https:\\\/\\\/www.airpes.com\\\/es\\\/carro-de-transferencia-60t-volkswagen\\\/#primaryimage\",\"url\":\"https:\\\/\\\/www.airpes.com\\\/wp-content\\\/uploads\\\/2020\\\/09\\\/transfer-cart-60-tonnes-capacity.jpg\",\"contentUrl\":\"https:\\\/\\\/www.airpes.com\\\/wp-content\\\/uploads\\\/2020\\\/09\\\/transfer-cart-60-tonnes-capacity.jpg\",\"width\":878,\"height\":493},{\"@type\":\"BreadcrumbList\",\"@id\":\"https:\\\/\\\/www.airpes.com\\\/es\\\/carro-de-transferencia-60t-volkswagen\\\/#breadcrumb\",\"itemListElement\":[{\"@type\":\"ListItem\",\"position\":1,\"name\":\"Inicio\",\"item\":\"https:\\\/\\\/www.airpes.com\\\/es\\\/\"},{\"@type\":\"ListItem\",\"position\":2,\"name\":\"Carro de transferencia 60T\"}]},{\"@type\":\"WebSite\",\"@id\":\"https:\\\/\\\/www.airpes.com\\\/es\\\/#website\",\"url\":\"https:\\\/\\\/www.airpes.com\\\/es\\\/\",\"name\":\"Airpes\",\"description\":\"Your lifting equipment supplier\",\"publisher\":{\"@id\":\"https:\\\/\\\/www.airpes.com\\\/es\\\/#organization\"},\"potentialAction\":[{\"@type\":\"SearchAction\",\"target\":{\"@type\":\"EntryPoint\",\"urlTemplate\":\"https:\\\/\\\/www.airpes.com\\\/es\\\/?s={search_term_string}\"},\"query-input\":{\"@type\":\"PropertyValueSpecification\",\"valueRequired\":true,\"valueName\":\"search_term_string\"}}],\"inLanguage\":\"es\"},{\"@type\":\"Organization\",\"@id\":\"https:\\\/\\\/www.airpes.com\\\/es\\\/#organization\",\"name\":\"Airpes\",\"url\":\"https:\\\/\\\/www.airpes.com\\\/es\\\/\",\"logo\":{\"@type\":\"ImageObject\",\"inLanguage\":\"es\",\"@id\":\"https:\\\/\\\/www.airpes.com\\\/es\\\/#\\\/schema\\\/logo\\\/image\\\/\",\"url\":\"https:\\\/\\\/www.airpes.com\\\/wp-content\\\/uploads\\\/2020\\\/09\\\/logo.svg\",\"contentUrl\":\"https:\\\/\\\/www.airpes.com\\\/wp-content\\\/uploads\\\/2020\\\/09\\\/logo.svg\",\"width\":193,\"height\":86,\"caption\":\"Airpes\"},\"image\":{\"@id\":\"https:\\\/\\\/www.airpes.com\\\/es\\\/#\\\/schema\\\/logo\\\/image\\\/\"},\"sameAs\":[\"https:\\\/\\\/www.facebook.com\\\/AIRPES\",\"https:\\\/\\\/x.com\\\/AIRPES\",\"https:\\\/\\\/www.instagram.com\\\/AIRPESlifting\\\/\",\"https:\\\/\\\/www.linkedin.com\\\/company\\\/airpes\"]},{\"@type\":\"Person\",\"@id\":\"https:\\\/\\\/www.airpes.com\\\/es\\\/#\\\/schema\\\/person\\\/1cdaba084f4ca234033298e712955aa3\",\"name\":\"wide-marketing\"}]}<\/script>\n<!-- \/ Yoast SEO plugin. -->","yoast_head_json":{"title":"Carro de Transferencia 60T para Volkswagen | Airpes","description":"En este art\u00edculo describimos el carro de transferencia de 60T que dise\u00f1amos y construimos para la multinacional automovil\u00edstica Volkswagen","robots":{"index":"index","follow":"follow","max-snippet":"max-snippet:-1","max-image-preview":"max-image-preview:large","max-video-preview":"max-video-preview:-1"},"canonical":"https:\/\/www.airpes.com\/es\/carro-de-transferencia-60t-volkswagen\/","og_locale":"es_ES","og_type":"article","og_title":"Carro de Transferencia 60T para Volkswagen | Airpes","og_description":"En este art\u00edculo describimos el carro de transferencia de 60T que dise\u00f1amos y construimos para la multinacional automovil\u00edstica Volkswagen","og_url":"https:\/\/www.airpes.com\/es\/carro-de-transferencia-60t-volkswagen\/","og_site_name":"Airpes","article_publisher":"https:\/\/www.facebook.com\/AIRPES","article_published_time":"2019-06-13T00:00:00+00:00","article_modified_time":"2022-02-11T09:01:29+00:00","og_image":[{"width":878,"height":493,"url":"https:\/\/www.airpes.com\/wp-content\/uploads\/2020\/09\/transfer-cart-60-tonnes-capacity.jpg","type":"image\/jpeg"}],"author":"wide-marketing","twitter_card":"summary_large_image","twitter_creator":"@AIRPES","twitter_site":"@AIRPES","twitter_misc":{"Escrito por":"wide-marketing","Tiempo de lectura":"4 minutos"},"schema":{"@context":"https:\/\/schema.org","@graph":[{"@type":["Article","BlogPosting"],"@id":"https:\/\/www.airpes.com\/es\/carro-de-transferencia-60t-volkswagen\/#article","isPartOf":{"@id":"https:\/\/www.airpes.com\/es\/carro-de-transferencia-60t-volkswagen\/"},"author":{"name":"wide-marketing","@id":"https:\/\/www.airpes.com\/es\/#\/schema\/person\/1cdaba084f4ca234033298e712955aa3"},"headline":"Carro de transferencia 60T","datePublished":"2019-06-13T00:00:00+00:00","dateModified":"2022-02-11T09:01:29+00:00","mainEntityOfPage":{"@id":"https:\/\/www.airpes.com\/es\/carro-de-transferencia-60t-volkswagen\/"},"wordCount":805,"commentCount":0,"publisher":{"@id":"https:\/\/www.airpes.com\/es\/#organization"},"image":{"@id":"https:\/\/www.airpes.com\/es\/carro-de-transferencia-60t-volkswagen\/#primaryimage"},"thumbnailUrl":"https:\/\/www.airpes.com\/wp-content\/uploads\/2020\/09\/transfer-cart-60-tonnes-capacity.jpg","articleSection":["Noticias","Nuevos productos"],"inLanguage":"es","potentialAction":[{"@type":"CommentAction","name":"Comment","target":["https:\/\/www.airpes.com\/es\/carro-de-transferencia-60t-volkswagen\/#respond"]}]},{"@type":"WebPage","@id":"https:\/\/www.airpes.com\/es\/carro-de-transferencia-60t-volkswagen\/","url":"https:\/\/www.airpes.com\/es\/carro-de-transferencia-60t-volkswagen\/","name":"Carro de Transferencia 60T para Volkswagen | Airpes","isPartOf":{"@id":"https:\/\/www.airpes.com\/es\/#website"},"primaryImageOfPage":{"@id":"https:\/\/www.airpes.com\/es\/carro-de-transferencia-60t-volkswagen\/#primaryimage"},"image":{"@id":"https:\/\/www.airpes.com\/es\/carro-de-transferencia-60t-volkswagen\/#primaryimage"},"thumbnailUrl":"https:\/\/www.airpes.com\/wp-content\/uploads\/2020\/09\/transfer-cart-60-tonnes-capacity.jpg","datePublished":"2019-06-13T00:00:00+00:00","dateModified":"2022-02-11T09:01:29+00:00","description":"En este art\u00edculo describimos el carro de transferencia de 60T que dise\u00f1amos y construimos para la multinacional automovil\u00edstica Volkswagen","breadcrumb":{"@id":"https:\/\/www.airpes.com\/es\/carro-de-transferencia-60t-volkswagen\/#breadcrumb"},"inLanguage":"es","potentialAction":[{"@type":"ReadAction","target":["https:\/\/www.airpes.com\/es\/carro-de-transferencia-60t-volkswagen\/"]}]},{"@type":"ImageObject","inLanguage":"es","@id":"https:\/\/www.airpes.com\/es\/carro-de-transferencia-60t-volkswagen\/#primaryimage","url":"https:\/\/www.airpes.com\/wp-content\/uploads\/2020\/09\/transfer-cart-60-tonnes-capacity.jpg","contentUrl":"https:\/\/www.airpes.com\/wp-content\/uploads\/2020\/09\/transfer-cart-60-tonnes-capacity.jpg","width":878,"height":493},{"@type":"BreadcrumbList","@id":"https:\/\/www.airpes.com\/es\/carro-de-transferencia-60t-volkswagen\/#breadcrumb","itemListElement":[{"@type":"ListItem","position":1,"name":"Inicio","item":"https:\/\/www.airpes.com\/es\/"},{"@type":"ListItem","position":2,"name":"Carro de transferencia 60T"}]},{"@type":"WebSite","@id":"https:\/\/www.airpes.com\/es\/#website","url":"https:\/\/www.airpes.com\/es\/","name":"Airpes","description":"Your lifting equipment supplier","publisher":{"@id":"https:\/\/www.airpes.com\/es\/#organization"},"potentialAction":[{"@type":"SearchAction","target":{"@type":"EntryPoint","urlTemplate":"https:\/\/www.airpes.com\/es\/?s={search_term_string}"},"query-input":{"@type":"PropertyValueSpecification","valueRequired":true,"valueName":"search_term_string"}}],"inLanguage":"es"},{"@type":"Organization","@id":"https:\/\/www.airpes.com\/es\/#organization","name":"Airpes","url":"https:\/\/www.airpes.com\/es\/","logo":{"@type":"ImageObject","inLanguage":"es","@id":"https:\/\/www.airpes.com\/es\/#\/schema\/logo\/image\/","url":"https:\/\/www.airpes.com\/wp-content\/uploads\/2020\/09\/logo.svg","contentUrl":"https:\/\/www.airpes.com\/wp-content\/uploads\/2020\/09\/logo.svg","width":193,"height":86,"caption":"Airpes"},"image":{"@id":"https:\/\/www.airpes.com\/es\/#\/schema\/logo\/image\/"},"sameAs":["https:\/\/www.facebook.com\/AIRPES","https:\/\/x.com\/AIRPES","https:\/\/www.instagram.com\/AIRPESlifting\/","https:\/\/www.linkedin.com\/company\/airpes"]},{"@type":"Person","@id":"https:\/\/www.airpes.com\/es\/#\/schema\/person\/1cdaba084f4ca234033298e712955aa3","name":"wide-marketing"}]}},"_links":{"self":[{"href":"https:\/\/www.airpes.com\/es\/wp-json\/wp\/v2\/posts\/105758","targetHints":{"allow":["GET"]}}],"collection":[{"href":"https:\/\/www.airpes.com\/es\/wp-json\/wp\/v2\/posts"}],"about":[{"href":"https:\/\/www.airpes.com\/es\/wp-json\/wp\/v2\/types\/post"}],"author":[{"embeddable":true,"href":"https:\/\/www.airpes.com\/es\/wp-json\/wp\/v2\/users\/7"}],"replies":[{"embeddable":true,"href":"https:\/\/www.airpes.com\/es\/wp-json\/wp\/v2\/comments?post=105758"}],"version-history":[{"count":1,"href":"https:\/\/www.airpes.com\/es\/wp-json\/wp\/v2\/posts\/105758\/revisions"}],"predecessor-version":[{"id":106066,"href":"https:\/\/www.airpes.com\/es\/wp-json\/wp\/v2\/posts\/105758\/revisions\/106066"}],"wp:featuredmedia":[{"embeddable":true,"href":"https:\/\/www.airpes.com\/es\/wp-json\/wp\/v2\/media\/102542"}],"wp:attachment":[{"href":"https:\/\/www.airpes.com\/es\/wp-json\/wp\/v2\/media?parent=105758"}],"wp:term":[{"taxonomy":"category","embeddable":true,"href":"https:\/\/www.airpes.com\/es\/wp-json\/wp\/v2\/categories?post=105758"},{"taxonomy":"post_tag","embeddable":true,"href":"https:\/\/www.airpes.com\/es\/wp-json\/wp\/v2\/tags?post=105758"}],"curies":[{"name":"wp","href":"https:\/\/api.w.org\/{rel}","templated":true}]}}