{"id":105747,"date":"2019-02-08T00:00:00","date_gmt":"2019-02-08T00:00:00","guid":{"rendered":"https:\/\/www.airpes.com\/?p=105747"},"modified":"2022-01-14T09:32:32","modified_gmt":"2022-01-14T09:32:32","slug":"airpes-en-logimat-stuttgart-19-22-febrero-2019","status":"publish","type":"post","link":"https:\/\/www.airpes.com\/es\/airpes-en-logimat-stuttgart-19-22-febrero-2019\/","title":{"rendered":"Airpes en LogiMAT &#8211; 19 a 22 Febrero 2019"},"content":{"rendered":"<p><img decoding=\"async\" class=\"aligncenter size-full wp-image-5821\" src=\"https:\/\/www.airpes.com\/wp-content\/uploads\/2020\/09\/logimat-1.jpg\" alt=\"logimat2019 logo - airpes will be attending\" \/><\/p>\n<p>LogiMAT, la Feria Internacional de Soluciones Intralog\u00edsticas y Gesti\u00f3n de Procesos, es <strong>la mayor feria anual de intralog\u00edstica de Europa<\/strong>. Es sin duda la feria internacional l\u00edder que ofrece una visi\u00f3n global del mercado, innovaciones y una transferencia de conocimientos competente entre clientes y consumidores.<\/p>\n<ul>\n<li>\u00bfC\u00f3mo pueden las empresas gestionar mejor sus materiales en el futuro de forma eficiente y segura?<\/li>\n<li>\u00bfC\u00f3mo se puede ayudar a departamentos como el de operaciones, producci\u00f3n y planificaci\u00f3n de recursos con robots y sistemas inteligentes para optimizar el lugar de trabajo?<\/li>\n<\/ul>\n<hr \/>\n<h2>Conoce a\u00a0Airpes en LogiMAT Stuttgart (Alemania) &#8211; 19-21 Febrero 2019<\/h2>\n<p>Los mercados cambian r\u00e1pidamente y las empresas necesitan una log\u00edstica y procesos nuevos, flexibles, innovadores e inteligentes. Este cambio continuo requiere tambi\u00e9n estar cada vez m\u00e1s especializado en lo que est\u00e1s haciendo y hacerlo lo mejor posible. Hay muchos productos y soluciones que pueden optimizar y dar\u00a0soluci\u00f3n a sus procesos internos y cuellos de botella productivos.<\/p>\n<h3>D\u00f3nde estaremos: estante 7.F48<\/h3>\n<p>LogiMAT ofrece a las empresas que buscan las <strong>soluciones m\u00e1s innovadoras un espacio de encuentro\u00a0entre especialistas<\/strong>. LogiMAT es el espacio donde expositores de todo el mundo muestran tecnolog\u00edas, soluciones, productos y sistemas innovadores para la optimizaci\u00f3n y reducci\u00f3n de costes en los procesos log\u00edsticos.<\/p>\n<p><img decoding=\"async\" class=\"aligncenter size-full wp-image-5811\" src=\"https:\/\/www.airpes.com\/wp-content\/uploads\/2020\/09\/airpes-logimat-stuttgart.jpg\" alt=\"airpes booth at logimat\" \/><\/p>\n<hr \/>\n<h2>Un evento de mucho valor a\u00f1adido<\/h2>\n<p>LogiMAT es para aquellas empresas que buscan algo m\u00e1s que un producto est\u00e1ndar e individualizado, tal y como viene haciendo Airpes desde hace muchos a\u00f1os.<\/p>\n<h3>Airpes: nueva generaci\u00f3n de soluciones de manutenci\u00f3n<\/h3>\n<p>Digitalizaci\u00f3n, interconectividad, inteligencia artificial, m\u00e1quinas m\u00e1s r\u00e1pidas y componentes m\u00e1s ligeros son la clave de la revoluci\u00f3n industrial digital que estamos viviendo en estos momentos. <strong>En Airpes dise\u00f1amos sistemas de manipulaci\u00f3n inteligentes y aut\u00f3nomos para mejorar su productividad y crear valor a\u00f1adido para su empresa.<\/strong> Venga a visitarnos a LogiMAT y d\u00e9jenos mostrarle lo que podemos hacer por su empresa.<\/p>\n","protected":false},"excerpt":{"rendered":"<p>Estaremos en Stuttgart (Alemania) para el LogiMAT, una de las ferias m\u00e1s importantes de Europa en cuanto a automatizaci\u00f3n de sistemas log\u00edsticos del 19-22 de Febrero<\/p>\n","protected":false},"author":7,"featured_media":102522,"comment_status":"open","ping_status":"open","sticky":false,"template":"","format":"standard","meta":{"_acf_changed":false,"inline_featured_image":false,"footnotes":""},"categories":[232,231],"tags":[],"class_list":["post-105747","post","type-post","status-publish","format-standard","has-post-thumbnail","hentry","category-eventos","category-noticias"],"acf":[],"yoast_head":"<!-- This site is optimized with the Yoast SEO plugin v27.5 - https:\/\/yoast.com\/product\/yoast-seo-wordpress\/ -->\n<title>Airpes en LogiMAT Stuttgart - 19-22 Febrero 2019 | Airpes<\/title>\n<meta name=\"description\" content=\"Airpes estar\u00e1 presente en una de las ferias industriales m\u00e1s importantes a nivel Europeo y mundial. Venga a visitarnos en LogiMAT\" \/>\n<meta name=\"robots\" content=\"index, follow, max-snippet:-1, max-image-preview:large, max-video-preview:-1\" \/>\n<link rel=\"canonical\" href=\"https:\/\/www.airpes.com\/es\/airpes-en-logimat-stuttgart-19-22-febrero-2019\/\" \/>\n<meta property=\"og:locale\" content=\"es_ES\" \/>\n<meta property=\"og:type\" content=\"article\" \/>\n<meta property=\"og:title\" content=\"Airpes en LogiMAT Stuttgart - 19-22 Febrero 2019 | Airpes\" \/>\n<meta property=\"og:description\" content=\"Airpes estar\u00e1 presente en una de las ferias industriales m\u00e1s importantes a nivel Europeo y mundial. Venga a visitarnos en LogiMAT\" \/>\n<meta property=\"og:url\" content=\"https:\/\/www.airpes.com\/es\/airpes-en-logimat-stuttgart-19-22-febrero-2019\/\" \/>\n<meta property=\"og:site_name\" content=\"Airpes\" \/>\n<meta property=\"article:publisher\" content=\"https:\/\/www.facebook.com\/AIRPES\" \/>\n<meta property=\"article:published_time\" content=\"2019-02-08T00:00:00+00:00\" \/>\n<meta property=\"article:modified_time\" content=\"2022-01-14T09:32:32+00:00\" \/>\n<meta property=\"og:image\" content=\"https:\/\/www.airpes.com\/wp-content\/uploads\/2020\/09\/logimat-1.jpg\" \/>\n\t<meta property=\"og:image:width\" content=\"1200\" \/>\n\t<meta property=\"og:image:height\" content=\"628\" \/>\n\t<meta property=\"og:image:type\" content=\"image\/jpeg\" \/>\n<meta name=\"author\" content=\"wide-marketing\" \/>\n<meta name=\"twitter:card\" content=\"summary_large_image\" \/>\n<meta name=\"twitter:creator\" content=\"@AIRPES\" \/>\n<meta name=\"twitter:site\" content=\"@AIRPES\" \/>\n<meta name=\"twitter:label1\" content=\"Escrito por\" \/>\n\t<meta name=\"twitter:data1\" content=\"wide-marketing\" \/>\n\t<meta name=\"twitter:label2\" content=\"Tiempo de lectura\" \/>\n\t<meta name=\"twitter:data2\" content=\"2 minutos\" \/>\n<script type=\"application\/ld+json\" class=\"yoast-schema-graph\">{\"@context\":\"https:\\\/\\\/schema.org\",\"@graph\":[{\"@type\":[\"Article\",\"BlogPosting\"],\"@id\":\"https:\\\/\\\/www.airpes.com\\\/es\\\/airpes-en-logimat-stuttgart-19-22-febrero-2019\\\/#article\",\"isPartOf\":{\"@id\":\"https:\\\/\\\/www.airpes.com\\\/es\\\/airpes-en-logimat-stuttgart-19-22-febrero-2019\\\/\"},\"author\":{\"name\":\"wide-marketing\",\"@id\":\"https:\\\/\\\/www.airpes.com\\\/es\\\/#\\\/schema\\\/person\\\/1cdaba084f4ca234033298e712955aa3\"},\"headline\":\"Airpes en LogiMAT &#8211; 19 a 22 Febrero 2019\",\"datePublished\":\"2019-02-08T00:00:00+00:00\",\"dateModified\":\"2022-01-14T09:32:32+00:00\",\"mainEntityOfPage\":{\"@id\":\"https:\\\/\\\/www.airpes.com\\\/es\\\/airpes-en-logimat-stuttgart-19-22-febrero-2019\\\/\"},\"wordCount\":345,\"commentCount\":0,\"publisher\":{\"@id\":\"https:\\\/\\\/www.airpes.com\\\/es\\\/#organization\"},\"image\":{\"@id\":\"https:\\\/\\\/www.airpes.com\\\/es\\\/airpes-en-logimat-stuttgart-19-22-febrero-2019\\\/#primaryimage\"},\"thumbnailUrl\":\"https:\\\/\\\/www.airpes.com\\\/wp-content\\\/uploads\\\/2020\\\/09\\\/logimat-1.jpg\",\"articleSection\":[\"Eventos\",\"Noticias\"],\"inLanguage\":\"es\",\"potentialAction\":[{\"@type\":\"CommentAction\",\"name\":\"Comment\",\"target\":[\"https:\\\/\\\/www.airpes.com\\\/es\\\/airpes-en-logimat-stuttgart-19-22-febrero-2019\\\/#respond\"]}]},{\"@type\":\"WebPage\",\"@id\":\"https:\\\/\\\/www.airpes.com\\\/es\\\/airpes-en-logimat-stuttgart-19-22-febrero-2019\\\/\",\"url\":\"https:\\\/\\\/www.airpes.com\\\/es\\\/airpes-en-logimat-stuttgart-19-22-febrero-2019\\\/\",\"name\":\"Airpes en LogiMAT Stuttgart - 19-22 Febrero 2019 | Airpes\",\"isPartOf\":{\"@id\":\"https:\\\/\\\/www.airpes.com\\\/es\\\/#website\"},\"primaryImageOfPage\":{\"@id\":\"https:\\\/\\\/www.airpes.com\\\/es\\\/airpes-en-logimat-stuttgart-19-22-febrero-2019\\\/#primaryimage\"},\"image\":{\"@id\":\"https:\\\/\\\/www.airpes.com\\\/es\\\/airpes-en-logimat-stuttgart-19-22-febrero-2019\\\/#primaryimage\"},\"thumbnailUrl\":\"https:\\\/\\\/www.airpes.com\\\/wp-content\\\/uploads\\\/2020\\\/09\\\/logimat-1.jpg\",\"datePublished\":\"2019-02-08T00:00:00+00:00\",\"dateModified\":\"2022-01-14T09:32:32+00:00\",\"description\":\"Airpes estar\u00e1 presente en una de las ferias industriales m\u00e1s importantes a nivel Europeo y mundial. Venga a visitarnos en LogiMAT\",\"breadcrumb\":{\"@id\":\"https:\\\/\\\/www.airpes.com\\\/es\\\/airpes-en-logimat-stuttgart-19-22-febrero-2019\\\/#breadcrumb\"},\"inLanguage\":\"es\",\"potentialAction\":[{\"@type\":\"ReadAction\",\"target\":[\"https:\\\/\\\/www.airpes.com\\\/es\\\/airpes-en-logimat-stuttgart-19-22-febrero-2019\\\/\"]}]},{\"@type\":\"ImageObject\",\"inLanguage\":\"es\",\"@id\":\"https:\\\/\\\/www.airpes.com\\\/es\\\/airpes-en-logimat-stuttgart-19-22-febrero-2019\\\/#primaryimage\",\"url\":\"https:\\\/\\\/www.airpes.com\\\/wp-content\\\/uploads\\\/2020\\\/09\\\/logimat-1.jpg\",\"contentUrl\":\"https:\\\/\\\/www.airpes.com\\\/wp-content\\\/uploads\\\/2020\\\/09\\\/logimat-1.jpg\",\"width\":1200,\"height\":628,\"caption\":\"logimat2019 logo - airpes will be attending\"},{\"@type\":\"BreadcrumbList\",\"@id\":\"https:\\\/\\\/www.airpes.com\\\/es\\\/airpes-en-logimat-stuttgart-19-22-febrero-2019\\\/#breadcrumb\",\"itemListElement\":[{\"@type\":\"ListItem\",\"position\":1,\"name\":\"Inicio\",\"item\":\"https:\\\/\\\/www.airpes.com\\\/es\\\/\"},{\"@type\":\"ListItem\",\"position\":2,\"name\":\"Airpes en LogiMAT &#8211; 19 a 22 Febrero 2019\"}]},{\"@type\":\"WebSite\",\"@id\":\"https:\\\/\\\/www.airpes.com\\\/es\\\/#website\",\"url\":\"https:\\\/\\\/www.airpes.com\\\/es\\\/\",\"name\":\"Airpes\",\"description\":\"Your lifting equipment supplier\",\"publisher\":{\"@id\":\"https:\\\/\\\/www.airpes.com\\\/es\\\/#organization\"},\"potentialAction\":[{\"@type\":\"SearchAction\",\"target\":{\"@type\":\"EntryPoint\",\"urlTemplate\":\"https:\\\/\\\/www.airpes.com\\\/es\\\/?s={search_term_string}\"},\"query-input\":{\"@type\":\"PropertyValueSpecification\",\"valueRequired\":true,\"valueName\":\"search_term_string\"}}],\"inLanguage\":\"es\"},{\"@type\":\"Organization\",\"@id\":\"https:\\\/\\\/www.airpes.com\\\/es\\\/#organization\",\"name\":\"Airpes\",\"url\":\"https:\\\/\\\/www.airpes.com\\\/es\\\/\",\"logo\":{\"@type\":\"ImageObject\",\"inLanguage\":\"es\",\"@id\":\"https:\\\/\\\/www.airpes.com\\\/es\\\/#\\\/schema\\\/logo\\\/image\\\/\",\"url\":\"https:\\\/\\\/www.airpes.com\\\/wp-content\\\/uploads\\\/2020\\\/09\\\/logo.svg\",\"contentUrl\":\"https:\\\/\\\/www.airpes.com\\\/wp-content\\\/uploads\\\/2020\\\/09\\\/logo.svg\",\"width\":193,\"height\":86,\"caption\":\"Airpes\"},\"image\":{\"@id\":\"https:\\\/\\\/www.airpes.com\\\/es\\\/#\\\/schema\\\/logo\\\/image\\\/\"},\"sameAs\":[\"https:\\\/\\\/www.facebook.com\\\/AIRPES\",\"https:\\\/\\\/x.com\\\/AIRPES\",\"https:\\\/\\\/www.instagram.com\\\/AIRPESlifting\\\/\",\"https:\\\/\\\/www.linkedin.com\\\/company\\\/airpes\"]},{\"@type\":\"Person\",\"@id\":\"https:\\\/\\\/www.airpes.com\\\/es\\\/#\\\/schema\\\/person\\\/1cdaba084f4ca234033298e712955aa3\",\"name\":\"wide-marketing\"}]}<\/script>\n<!-- \/ Yoast SEO plugin. -->","yoast_head_json":{"title":"Airpes en LogiMAT Stuttgart - 19-22 Febrero 2019 | Airpes","description":"Airpes estar\u00e1 presente en una de las ferias industriales m\u00e1s importantes a nivel Europeo y mundial. Venga a visitarnos en LogiMAT","robots":{"index":"index","follow":"follow","max-snippet":"max-snippet:-1","max-image-preview":"max-image-preview:large","max-video-preview":"max-video-preview:-1"},"canonical":"https:\/\/www.airpes.com\/es\/airpes-en-logimat-stuttgart-19-22-febrero-2019\/","og_locale":"es_ES","og_type":"article","og_title":"Airpes en LogiMAT Stuttgart - 19-22 Febrero 2019 | Airpes","og_description":"Airpes estar\u00e1 presente en una de las ferias industriales m\u00e1s importantes a nivel Europeo y mundial. Venga a visitarnos en LogiMAT","og_url":"https:\/\/www.airpes.com\/es\/airpes-en-logimat-stuttgart-19-22-febrero-2019\/","og_site_name":"Airpes","article_publisher":"https:\/\/www.facebook.com\/AIRPES","article_published_time":"2019-02-08T00:00:00+00:00","article_modified_time":"2022-01-14T09:32:32+00:00","og_image":[{"width":1200,"height":628,"url":"https:\/\/www.airpes.com\/wp-content\/uploads\/2020\/09\/logimat-1.jpg","type":"image\/jpeg"}],"author":"wide-marketing","twitter_card":"summary_large_image","twitter_creator":"@AIRPES","twitter_site":"@AIRPES","twitter_misc":{"Escrito por":"wide-marketing","Tiempo de lectura":"2 minutos"},"schema":{"@context":"https:\/\/schema.org","@graph":[{"@type":["Article","BlogPosting"],"@id":"https:\/\/www.airpes.com\/es\/airpes-en-logimat-stuttgart-19-22-febrero-2019\/#article","isPartOf":{"@id":"https:\/\/www.airpes.com\/es\/airpes-en-logimat-stuttgart-19-22-febrero-2019\/"},"author":{"name":"wide-marketing","@id":"https:\/\/www.airpes.com\/es\/#\/schema\/person\/1cdaba084f4ca234033298e712955aa3"},"headline":"Airpes en LogiMAT &#8211; 19 a 22 Febrero 2019","datePublished":"2019-02-08T00:00:00+00:00","dateModified":"2022-01-14T09:32:32+00:00","mainEntityOfPage":{"@id":"https:\/\/www.airpes.com\/es\/airpes-en-logimat-stuttgart-19-22-febrero-2019\/"},"wordCount":345,"commentCount":0,"publisher":{"@id":"https:\/\/www.airpes.com\/es\/#organization"},"image":{"@id":"https:\/\/www.airpes.com\/es\/airpes-en-logimat-stuttgart-19-22-febrero-2019\/#primaryimage"},"thumbnailUrl":"https:\/\/www.airpes.com\/wp-content\/uploads\/2020\/09\/logimat-1.jpg","articleSection":["Eventos","Noticias"],"inLanguage":"es","potentialAction":[{"@type":"CommentAction","name":"Comment","target":["https:\/\/www.airpes.com\/es\/airpes-en-logimat-stuttgart-19-22-febrero-2019\/#respond"]}]},{"@type":"WebPage","@id":"https:\/\/www.airpes.com\/es\/airpes-en-logimat-stuttgart-19-22-febrero-2019\/","url":"https:\/\/www.airpes.com\/es\/airpes-en-logimat-stuttgart-19-22-febrero-2019\/","name":"Airpes en LogiMAT Stuttgart - 19-22 Febrero 2019 | Airpes","isPartOf":{"@id":"https:\/\/www.airpes.com\/es\/#website"},"primaryImageOfPage":{"@id":"https:\/\/www.airpes.com\/es\/airpes-en-logimat-stuttgart-19-22-febrero-2019\/#primaryimage"},"image":{"@id":"https:\/\/www.airpes.com\/es\/airpes-en-logimat-stuttgart-19-22-febrero-2019\/#primaryimage"},"thumbnailUrl":"https:\/\/www.airpes.com\/wp-content\/uploads\/2020\/09\/logimat-1.jpg","datePublished":"2019-02-08T00:00:00+00:00","dateModified":"2022-01-14T09:32:32+00:00","description":"Airpes estar\u00e1 presente en una de las ferias industriales m\u00e1s importantes a nivel Europeo y mundial. Venga a visitarnos en LogiMAT","breadcrumb":{"@id":"https:\/\/www.airpes.com\/es\/airpes-en-logimat-stuttgart-19-22-febrero-2019\/#breadcrumb"},"inLanguage":"es","potentialAction":[{"@type":"ReadAction","target":["https:\/\/www.airpes.com\/es\/airpes-en-logimat-stuttgart-19-22-febrero-2019\/"]}]},{"@type":"ImageObject","inLanguage":"es","@id":"https:\/\/www.airpes.com\/es\/airpes-en-logimat-stuttgart-19-22-febrero-2019\/#primaryimage","url":"https:\/\/www.airpes.com\/wp-content\/uploads\/2020\/09\/logimat-1.jpg","contentUrl":"https:\/\/www.airpes.com\/wp-content\/uploads\/2020\/09\/logimat-1.jpg","width":1200,"height":628,"caption":"logimat2019 logo - airpes will be attending"},{"@type":"BreadcrumbList","@id":"https:\/\/www.airpes.com\/es\/airpes-en-logimat-stuttgart-19-22-febrero-2019\/#breadcrumb","itemListElement":[{"@type":"ListItem","position":1,"name":"Inicio","item":"https:\/\/www.airpes.com\/es\/"},{"@type":"ListItem","position":2,"name":"Airpes en LogiMAT &#8211; 19 a 22 Febrero 2019"}]},{"@type":"WebSite","@id":"https:\/\/www.airpes.com\/es\/#website","url":"https:\/\/www.airpes.com\/es\/","name":"Airpes","description":"Your lifting equipment supplier","publisher":{"@id":"https:\/\/www.airpes.com\/es\/#organization"},"potentialAction":[{"@type":"SearchAction","target":{"@type":"EntryPoint","urlTemplate":"https:\/\/www.airpes.com\/es\/?s={search_term_string}"},"query-input":{"@type":"PropertyValueSpecification","valueRequired":true,"valueName":"search_term_string"}}],"inLanguage":"es"},{"@type":"Organization","@id":"https:\/\/www.airpes.com\/es\/#organization","name":"Airpes","url":"https:\/\/www.airpes.com\/es\/","logo":{"@type":"ImageObject","inLanguage":"es","@id":"https:\/\/www.airpes.com\/es\/#\/schema\/logo\/image\/","url":"https:\/\/www.airpes.com\/wp-content\/uploads\/2020\/09\/logo.svg","contentUrl":"https:\/\/www.airpes.com\/wp-content\/uploads\/2020\/09\/logo.svg","width":193,"height":86,"caption":"Airpes"},"image":{"@id":"https:\/\/www.airpes.com\/es\/#\/schema\/logo\/image\/"},"sameAs":["https:\/\/www.facebook.com\/AIRPES","https:\/\/x.com\/AIRPES","https:\/\/www.instagram.com\/AIRPESlifting\/","https:\/\/www.linkedin.com\/company\/airpes"]},{"@type":"Person","@id":"https:\/\/www.airpes.com\/es\/#\/schema\/person\/1cdaba084f4ca234033298e712955aa3","name":"wide-marketing"}]}},"_links":{"self":[{"href":"https:\/\/www.airpes.com\/es\/wp-json\/wp\/v2\/posts\/105747","targetHints":{"allow":["GET"]}}],"collection":[{"href":"https:\/\/www.airpes.com\/es\/wp-json\/wp\/v2\/posts"}],"about":[{"href":"https:\/\/www.airpes.com\/es\/wp-json\/wp\/v2\/types\/post"}],"author":[{"embeddable":true,"href":"https:\/\/www.airpes.com\/es\/wp-json\/wp\/v2\/users\/7"}],"replies":[{"embeddable":true,"href":"https:\/\/www.airpes.com\/es\/wp-json\/wp\/v2\/comments?post=105747"}],"version-history":[{"count":4,"href":"https:\/\/www.airpes.com\/es\/wp-json\/wp\/v2\/posts\/105747\/revisions"}],"predecessor-version":[{"id":111590,"href":"https:\/\/www.airpes.com\/es\/wp-json\/wp\/v2\/posts\/105747\/revisions\/111590"}],"wp:featuredmedia":[{"embeddable":true,"href":"https:\/\/www.airpes.com\/es\/wp-json\/wp\/v2\/media\/102522"}],"wp:attachment":[{"href":"https:\/\/www.airpes.com\/es\/wp-json\/wp\/v2\/media?parent=105747"}],"wp:term":[{"taxonomy":"category","embeddable":true,"href":"https:\/\/www.airpes.com\/es\/wp-json\/wp\/v2\/categories?post=105747"},{"taxonomy":"post_tag","embeddable":true,"href":"https:\/\/www.airpes.com\/es\/wp-json\/wp\/v2\/tags?post=105747"}],"curies":[{"name":"wp","href":"https:\/\/api.w.org\/{rel}","templated":true}]}}