{"id":105733,"date":"2018-03-21T00:00:00","date_gmt":"2018-03-21T00:00:00","guid":{"rendered":"https:\/\/www.airpes.com\/?p=105733"},"modified":"2022-01-21T10:28:21","modified_gmt":"2022-01-21T10:28:21","slug":"airpes-cemat-2018-hall-024-stand-c56-23-27-abril","status":"publish","type":"post","link":"https:\/\/www.airpes.com\/es\/airpes-cemat-2018-hall-024-stand-c56-23-27-abril\/","title":{"rendered":"Airpes estar\u00e1 en CeMAT 2018: Hall 024 Stand C56 23-27 abril"},"content":{"rendered":"<p><img decoding=\"async\" class=\"aligncenter size-full wp-image-5293\" src=\"https:\/\/www.airpes.com\/wp-content\/uploads\/2020\/09\/1803_airpes_news_cemat2018_1.jpg\" alt=\"Airpes at CeMAT 2018 01 | Airpes\"><\/p>\n<h2><span style=\"color: #ffffff;\">.<\/span><\/h2>\n<h2>Airpes&nbsp;en CeMAT 2018: Hall 24 &#8211; Stand C56<\/h2>\n<p>Un a\u00f1o m\u00e1s, Airpes vuelve a <a href=\"http:\/\/www.cemat.de\/home\" target=\"_blank\" rel=\"noopener noreferrer\"><strong>CeMAT<\/strong><\/a> a presentar sus \u00faltimas novedades en gr\u00faas, sistemas de <strong>elevaci\u00f3n y pesaje<\/strong>. La reconocida feria de Hannover es una de las m\u00e1s importantes y prestigiosas del mundo en los \u00e1mbitos de la manipulaci\u00f3n de materiales, log\u00edstica e intralog\u00edstica.<\/p>\n<p>Nos encontrar\u00e1s en el <strong>Hall 024 \u2013 Stand C56<\/strong>, dedicado al sector de la manutenci\u00f3n, elevaci\u00f3n y pesaje. Estaremos encantados de conocerte, escucharte y descubrir si podemos trabajar juntos en tu proyecto.<\/p>\n<p><span style=\"color: #ffffff;\">.<\/span><br \/>\n<img decoding=\"async\" class=\"aligncenter size-full wp-image-5294\" src=\"https:\/\/www.airpes.com\/wp-content\/uploads\/2020\/09\/1803_airpes_news_cemat2018_2.jpg\" alt=\"Airpes at CeMAT 2018 02 | Airpes\"><\/p>\n<h3>CeMAT 2018, llevando la industria 4.0 al siguiente nivel<\/h3>\n<p>Este a\u00f1o el peso de la tecnolog\u00eda vuelve a ser visible en la feria de <a href=\"https:\/\/www.airpes.com\/es\/lifting\/handling-es\/\"><strong>manutenci\u00f3n de materiales<\/strong><\/a>. La inteligencia artificial, la conectividad y el aprendizaje de las m\u00e1quinas son tendencias que generan cada vez m\u00e1s inter\u00e9s.<\/p>\n<p>La autonom\u00eda de los sistemas de elevaci\u00f3n y <strong><a href=\"https:\/\/www.airpes.com\/es\/lifting\/pesaje\/\">pesaje<\/a><\/strong> es importante, aunque al final siempre es clave la figura del trabajador que verifica el perfecto funcionamiento de todos los <strong>equipos de elevaci\u00f3n<\/strong> y proporciona seguridad al proyecto.<\/p>\n<p>Estaremos muy atentos a las presentaciones, eventos y tendencias de las que se hablar\u00e1 en CeMAT a la vez que presentaremos nuestros sistemas de elevaci\u00f3n y pesaje, nuestras <a href=\"https:\/\/www.airpes.com\/es\/taylor-made\/\"><strong>soluciones&nbsp;a medida<\/strong><\/a> para todo tipo de clientes o nuestro propio <a href=\"https:\/\/www.airpes.com\/es\/banco-de-pruebas-de-airpes\/\"><strong>banco de pruebas.<\/strong><\/a><\/p>\n<p>&nbsp;<\/p>\n<h3>El programa diario de CeMAT 2018<\/h3>\n<p>Adem\u00e1s de conocer a todos los expositores, en<strong> CeMAT 2018 t<\/strong>ienen preparada una serie de eventos y actividades para todos sus asistentes, incluyendo conferencias, demostraciones en vivo y presentaciones de las nuevas tendencias en el \u00e1mbito de la digitalizaci\u00f3n e integraci\u00f3n.<\/p>\n<p>&nbsp;<\/p>\n<h2>Toda la informaci\u00f3n que necesitas saber de&nbsp;CeMAT 2018<\/h2>\n<ul>\n<li><strong>Fecha<\/strong>: del 23 al 27 de abril de 2018<\/li>\n<li><strong>Horario<\/strong>: de 9:00 a 18:00<\/li>\n<li><strong>Lugar<\/strong>: Hannover Exhibition Grounds &#8211; Messegel\u00e4nde, D-30521 Hannover (Si usas GPS, introduce \u201cHermesallee\u201d)<\/li>\n<li><strong>Organizadores<\/strong>: Deutsche Messe AG<\/li>\n<\/ul>\n<p>&nbsp;<\/p>\n<h3>Descubre nuestras soluciones de elevaci\u00f3n y pesaje en CeMAT 2018<\/h3>\n<p>Te esperamos en <strong>CeMAT 2018<\/strong>, en Hannover, Alemania, del 23 al 27 de abril. Ac\u00e9rcate a nuestro stand, nos encantar\u00e1 conocerte, intercambiar opiniones y convertirnos en tu <a href=\"https:\/\/www.airpes.com\/es\/el-mejor-proveedor-de-equipos-de-elevacion\/\"><strong>proveedor de sistemas de elevaci\u00f3n<\/strong><\/a>, para ayudarte a trabajar de una forma m\u00e1s eficiente, ahorrando tiempo y dinero y en las condiciones de trabajo m\u00e1s seguras.<\/p>\n<p>&nbsp;<\/p>\n<p>[vc_btn title=\u00bbContacta con nosotros\u00bb style=\u00bbcustom\u00bb custom_background=\u00bb#feed01&#8243; custom_text=\u00bb#666666&#8243; shape=\u00bbsquare\u00bb size=\u00bblg\u00bb align=\u00bbcenter\u00bb i_type=\u00bbopeniconic\u00bb i_icon_openiconic=\u00bbvc-oi vc-oi-resize-small-alt\u00bb link=\u00bburl:https%3A%2F%2Fwww.airpes.com\/es\/contacto\/\u00bb add_icon=\u00bbtrue\u00bb css=\u00bb.vc_custom_1476351406899{background-color: #feed01 !important;}\u00bb][vc_empty_space height=\u00bb5px\u00bb]<\/p>\n","protected":false},"excerpt":{"rendered":"<p>Un a\u00f1o m\u00e1s, Airpes vuelve a CeMAT a presentar sus \u00faltimas novedades en gr\u00faas, sistemas de elevaci\u00f3n y pesaje.<\/p>\n","protected":false},"author":7,"featured_media":102495,"comment_status":"open","ping_status":"open","sticky":false,"template":"","format":"standard","meta":{"_acf_changed":false,"inline_featured_image":false,"footnotes":""},"categories":[232,231],"tags":[],"class_list":["post-105733","post","type-post","status-publish","format-standard","has-post-thumbnail","hentry","category-eventos","category-noticias"],"acf":[],"yoast_head":"<!-- This site is optimized with the Yoast SEO plugin v27.5 - https:\/\/yoast.com\/product\/yoast-seo-wordpress\/ -->\n<title>Airpes estar\u00e1 en CeMAT 2018 del 23-27 abril - Airpes<\/title>\n<meta name=\"description\" content=\"Airpes estar\u00e1 en CeMAT 2018. Nos encontrar\u00e1s en el Hall 024 \u2013 Stand C56 del 23 al 27 de abril, en la feria del sector de la manutenci\u00f3n, elevaci\u00f3n y pesaje.\" \/>\n<meta name=\"robots\" content=\"index, follow, max-snippet:-1, max-image-preview:large, max-video-preview:-1\" \/>\n<link rel=\"canonical\" href=\"https:\/\/www.airpes.com\/es\/airpes-cemat-2018-hall-024-stand-c56-23-27-abril\/\" \/>\n<meta property=\"og:locale\" content=\"es_ES\" \/>\n<meta property=\"og:type\" content=\"article\" \/>\n<meta property=\"og:title\" content=\"Airpes estar\u00e1 en CeMAT 2018 del 23-27 abril - Airpes\" \/>\n<meta property=\"og:description\" content=\"Airpes estar\u00e1 en CeMAT 2018. Nos encontrar\u00e1s en el Hall 024 \u2013 Stand C56 del 23 al 27 de abril, en la feria del sector de la manutenci\u00f3n, elevaci\u00f3n y pesaje.\" \/>\n<meta property=\"og:url\" content=\"https:\/\/www.airpes.com\/es\/airpes-cemat-2018-hall-024-stand-c56-23-27-abril\/\" \/>\n<meta property=\"og:site_name\" content=\"Airpes\" \/>\n<meta property=\"article:publisher\" content=\"https:\/\/www.facebook.com\/AIRPES\" \/>\n<meta property=\"article:published_time\" content=\"2018-03-21T00:00:00+00:00\" \/>\n<meta property=\"article:modified_time\" content=\"2022-01-21T10:28:21+00:00\" \/>\n<meta property=\"og:image\" content=\"https:\/\/www.airpes.com\/wp-content\/uploads\/2020\/09\/1803_airpes_news_cemat2018_1.jpg\" \/>\n\t<meta property=\"og:image:width\" content=\"1200\" \/>\n\t<meta property=\"og:image:height\" content=\"628\" \/>\n\t<meta property=\"og:image:type\" content=\"image\/jpeg\" \/>\n<meta name=\"author\" content=\"wide-marketing\" \/>\n<meta name=\"twitter:card\" content=\"summary_large_image\" \/>\n<meta name=\"twitter:creator\" content=\"@AIRPES\" \/>\n<meta name=\"twitter:site\" content=\"@AIRPES\" \/>\n<meta name=\"twitter:label1\" content=\"Escrito por\" \/>\n\t<meta name=\"twitter:data1\" content=\"wide-marketing\" \/>\n\t<meta name=\"twitter:label2\" content=\"Tiempo de lectura\" \/>\n\t<meta name=\"twitter:data2\" content=\"2 minutos\" \/>\n<script type=\"application\/ld+json\" class=\"yoast-schema-graph\">{\"@context\":\"https:\\\/\\\/schema.org\",\"@graph\":[{\"@type\":[\"Article\",\"BlogPosting\"],\"@id\":\"https:\\\/\\\/www.airpes.com\\\/es\\\/airpes-cemat-2018-hall-024-stand-c56-23-27-abril\\\/#article\",\"isPartOf\":{\"@id\":\"https:\\\/\\\/www.airpes.com\\\/es\\\/airpes-cemat-2018-hall-024-stand-c56-23-27-abril\\\/\"},\"author\":{\"name\":\"wide-marketing\",\"@id\":\"https:\\\/\\\/www.airpes.com\\\/es\\\/#\\\/schema\\\/person\\\/1cdaba084f4ca234033298e712955aa3\"},\"headline\":\"Airpes estar\u00e1 en CeMAT 2018: Hall 024 Stand C56 23-27 abril\",\"datePublished\":\"2018-03-21T00:00:00+00:00\",\"dateModified\":\"2022-01-21T10:28:21+00:00\",\"mainEntityOfPage\":{\"@id\":\"https:\\\/\\\/www.airpes.com\\\/es\\\/airpes-cemat-2018-hall-024-stand-c56-23-27-abril\\\/\"},\"wordCount\":441,\"commentCount\":0,\"publisher\":{\"@id\":\"https:\\\/\\\/www.airpes.com\\\/es\\\/#organization\"},\"image\":{\"@id\":\"https:\\\/\\\/www.airpes.com\\\/es\\\/airpes-cemat-2018-hall-024-stand-c56-23-27-abril\\\/#primaryimage\"},\"thumbnailUrl\":\"https:\\\/\\\/www.airpes.com\\\/wp-content\\\/uploads\\\/2020\\\/09\\\/1803_airpes_news_cemat2018_1.jpg\",\"articleSection\":[\"Eventos\",\"Noticias\"],\"inLanguage\":\"es\",\"potentialAction\":[{\"@type\":\"CommentAction\",\"name\":\"Comment\",\"target\":[\"https:\\\/\\\/www.airpes.com\\\/es\\\/airpes-cemat-2018-hall-024-stand-c56-23-27-abril\\\/#respond\"]}]},{\"@type\":\"WebPage\",\"@id\":\"https:\\\/\\\/www.airpes.com\\\/es\\\/airpes-cemat-2018-hall-024-stand-c56-23-27-abril\\\/\",\"url\":\"https:\\\/\\\/www.airpes.com\\\/es\\\/airpes-cemat-2018-hall-024-stand-c56-23-27-abril\\\/\",\"name\":\"Airpes estar\u00e1 en CeMAT 2018 del 23-27 abril - Airpes\",\"isPartOf\":{\"@id\":\"https:\\\/\\\/www.airpes.com\\\/es\\\/#website\"},\"primaryImageOfPage\":{\"@id\":\"https:\\\/\\\/www.airpes.com\\\/es\\\/airpes-cemat-2018-hall-024-stand-c56-23-27-abril\\\/#primaryimage\"},\"image\":{\"@id\":\"https:\\\/\\\/www.airpes.com\\\/es\\\/airpes-cemat-2018-hall-024-stand-c56-23-27-abril\\\/#primaryimage\"},\"thumbnailUrl\":\"https:\\\/\\\/www.airpes.com\\\/wp-content\\\/uploads\\\/2020\\\/09\\\/1803_airpes_news_cemat2018_1.jpg\",\"datePublished\":\"2018-03-21T00:00:00+00:00\",\"dateModified\":\"2022-01-21T10:28:21+00:00\",\"description\":\"Airpes estar\u00e1 en CeMAT 2018. Nos encontrar\u00e1s en el Hall 024 \u2013 Stand C56 del 23 al 27 de abril, en la feria del sector de la manutenci\u00f3n, elevaci\u00f3n y pesaje.\",\"breadcrumb\":{\"@id\":\"https:\\\/\\\/www.airpes.com\\\/es\\\/airpes-cemat-2018-hall-024-stand-c56-23-27-abril\\\/#breadcrumb\"},\"inLanguage\":\"es\",\"potentialAction\":[{\"@type\":\"ReadAction\",\"target\":[\"https:\\\/\\\/www.airpes.com\\\/es\\\/airpes-cemat-2018-hall-024-stand-c56-23-27-abril\\\/\"]}]},{\"@type\":\"ImageObject\",\"inLanguage\":\"es\",\"@id\":\"https:\\\/\\\/www.airpes.com\\\/es\\\/airpes-cemat-2018-hall-024-stand-c56-23-27-abril\\\/#primaryimage\",\"url\":\"https:\\\/\\\/www.airpes.com\\\/wp-content\\\/uploads\\\/2020\\\/09\\\/1803_airpes_news_cemat2018_1.jpg\",\"contentUrl\":\"https:\\\/\\\/www.airpes.com\\\/wp-content\\\/uploads\\\/2020\\\/09\\\/1803_airpes_news_cemat2018_1.jpg\",\"width\":1200,\"height\":628,\"caption\":\"Airpes at CeMAT 2018 01 | Airpes\"},{\"@type\":\"BreadcrumbList\",\"@id\":\"https:\\\/\\\/www.airpes.com\\\/es\\\/airpes-cemat-2018-hall-024-stand-c56-23-27-abril\\\/#breadcrumb\",\"itemListElement\":[{\"@type\":\"ListItem\",\"position\":1,\"name\":\"Inicio\",\"item\":\"https:\\\/\\\/www.airpes.com\\\/es\\\/\"},{\"@type\":\"ListItem\",\"position\":2,\"name\":\"Airpes estar\u00e1 en CeMAT 2018: Hall 024 Stand C56 23-27 abril\"}]},{\"@type\":\"WebSite\",\"@id\":\"https:\\\/\\\/www.airpes.com\\\/es\\\/#website\",\"url\":\"https:\\\/\\\/www.airpes.com\\\/es\\\/\",\"name\":\"Airpes\",\"description\":\"Your lifting equipment supplier\",\"publisher\":{\"@id\":\"https:\\\/\\\/www.airpes.com\\\/es\\\/#organization\"},\"potentialAction\":[{\"@type\":\"SearchAction\",\"target\":{\"@type\":\"EntryPoint\",\"urlTemplate\":\"https:\\\/\\\/www.airpes.com\\\/es\\\/?s={search_term_string}\"},\"query-input\":{\"@type\":\"PropertyValueSpecification\",\"valueRequired\":true,\"valueName\":\"search_term_string\"}}],\"inLanguage\":\"es\"},{\"@type\":\"Organization\",\"@id\":\"https:\\\/\\\/www.airpes.com\\\/es\\\/#organization\",\"name\":\"Airpes\",\"url\":\"https:\\\/\\\/www.airpes.com\\\/es\\\/\",\"logo\":{\"@type\":\"ImageObject\",\"inLanguage\":\"es\",\"@id\":\"https:\\\/\\\/www.airpes.com\\\/es\\\/#\\\/schema\\\/logo\\\/image\\\/\",\"url\":\"https:\\\/\\\/www.airpes.com\\\/wp-content\\\/uploads\\\/2020\\\/09\\\/logo.svg\",\"contentUrl\":\"https:\\\/\\\/www.airpes.com\\\/wp-content\\\/uploads\\\/2020\\\/09\\\/logo.svg\",\"width\":193,\"height\":86,\"caption\":\"Airpes\"},\"image\":{\"@id\":\"https:\\\/\\\/www.airpes.com\\\/es\\\/#\\\/schema\\\/logo\\\/image\\\/\"},\"sameAs\":[\"https:\\\/\\\/www.facebook.com\\\/AIRPES\",\"https:\\\/\\\/x.com\\\/AIRPES\",\"https:\\\/\\\/www.instagram.com\\\/AIRPESlifting\\\/\",\"https:\\\/\\\/www.linkedin.com\\\/company\\\/airpes\"]},{\"@type\":\"Person\",\"@id\":\"https:\\\/\\\/www.airpes.com\\\/es\\\/#\\\/schema\\\/person\\\/1cdaba084f4ca234033298e712955aa3\",\"name\":\"wide-marketing\"}]}<\/script>\n<!-- \/ Yoast SEO plugin. -->","yoast_head_json":{"title":"Airpes estar\u00e1 en CeMAT 2018 del 23-27 abril - Airpes","description":"Airpes estar\u00e1 en CeMAT 2018. Nos encontrar\u00e1s en el Hall 024 \u2013 Stand C56 del 23 al 27 de abril, en la feria del sector de la manutenci\u00f3n, elevaci\u00f3n y pesaje.","robots":{"index":"index","follow":"follow","max-snippet":"max-snippet:-1","max-image-preview":"max-image-preview:large","max-video-preview":"max-video-preview:-1"},"canonical":"https:\/\/www.airpes.com\/es\/airpes-cemat-2018-hall-024-stand-c56-23-27-abril\/","og_locale":"es_ES","og_type":"article","og_title":"Airpes estar\u00e1 en CeMAT 2018 del 23-27 abril - Airpes","og_description":"Airpes estar\u00e1 en CeMAT 2018. Nos encontrar\u00e1s en el Hall 024 \u2013 Stand C56 del 23 al 27 de abril, en la feria del sector de la manutenci\u00f3n, elevaci\u00f3n y pesaje.","og_url":"https:\/\/www.airpes.com\/es\/airpes-cemat-2018-hall-024-stand-c56-23-27-abril\/","og_site_name":"Airpes","article_publisher":"https:\/\/www.facebook.com\/AIRPES","article_published_time":"2018-03-21T00:00:00+00:00","article_modified_time":"2022-01-21T10:28:21+00:00","og_image":[{"width":1200,"height":628,"url":"https:\/\/www.airpes.com\/wp-content\/uploads\/2020\/09\/1803_airpes_news_cemat2018_1.jpg","type":"image\/jpeg"}],"author":"wide-marketing","twitter_card":"summary_large_image","twitter_creator":"@AIRPES","twitter_site":"@AIRPES","twitter_misc":{"Escrito por":"wide-marketing","Tiempo de lectura":"2 minutos"},"schema":{"@context":"https:\/\/schema.org","@graph":[{"@type":["Article","BlogPosting"],"@id":"https:\/\/www.airpes.com\/es\/airpes-cemat-2018-hall-024-stand-c56-23-27-abril\/#article","isPartOf":{"@id":"https:\/\/www.airpes.com\/es\/airpes-cemat-2018-hall-024-stand-c56-23-27-abril\/"},"author":{"name":"wide-marketing","@id":"https:\/\/www.airpes.com\/es\/#\/schema\/person\/1cdaba084f4ca234033298e712955aa3"},"headline":"Airpes estar\u00e1 en CeMAT 2018: Hall 024 Stand C56 23-27 abril","datePublished":"2018-03-21T00:00:00+00:00","dateModified":"2022-01-21T10:28:21+00:00","mainEntityOfPage":{"@id":"https:\/\/www.airpes.com\/es\/airpes-cemat-2018-hall-024-stand-c56-23-27-abril\/"},"wordCount":441,"commentCount":0,"publisher":{"@id":"https:\/\/www.airpes.com\/es\/#organization"},"image":{"@id":"https:\/\/www.airpes.com\/es\/airpes-cemat-2018-hall-024-stand-c56-23-27-abril\/#primaryimage"},"thumbnailUrl":"https:\/\/www.airpes.com\/wp-content\/uploads\/2020\/09\/1803_airpes_news_cemat2018_1.jpg","articleSection":["Eventos","Noticias"],"inLanguage":"es","potentialAction":[{"@type":"CommentAction","name":"Comment","target":["https:\/\/www.airpes.com\/es\/airpes-cemat-2018-hall-024-stand-c56-23-27-abril\/#respond"]}]},{"@type":"WebPage","@id":"https:\/\/www.airpes.com\/es\/airpes-cemat-2018-hall-024-stand-c56-23-27-abril\/","url":"https:\/\/www.airpes.com\/es\/airpes-cemat-2018-hall-024-stand-c56-23-27-abril\/","name":"Airpes estar\u00e1 en CeMAT 2018 del 23-27 abril - Airpes","isPartOf":{"@id":"https:\/\/www.airpes.com\/es\/#website"},"primaryImageOfPage":{"@id":"https:\/\/www.airpes.com\/es\/airpes-cemat-2018-hall-024-stand-c56-23-27-abril\/#primaryimage"},"image":{"@id":"https:\/\/www.airpes.com\/es\/airpes-cemat-2018-hall-024-stand-c56-23-27-abril\/#primaryimage"},"thumbnailUrl":"https:\/\/www.airpes.com\/wp-content\/uploads\/2020\/09\/1803_airpes_news_cemat2018_1.jpg","datePublished":"2018-03-21T00:00:00+00:00","dateModified":"2022-01-21T10:28:21+00:00","description":"Airpes estar\u00e1 en CeMAT 2018. Nos encontrar\u00e1s en el Hall 024 \u2013 Stand C56 del 23 al 27 de abril, en la feria del sector de la manutenci\u00f3n, elevaci\u00f3n y pesaje.","breadcrumb":{"@id":"https:\/\/www.airpes.com\/es\/airpes-cemat-2018-hall-024-stand-c56-23-27-abril\/#breadcrumb"},"inLanguage":"es","potentialAction":[{"@type":"ReadAction","target":["https:\/\/www.airpes.com\/es\/airpes-cemat-2018-hall-024-stand-c56-23-27-abril\/"]}]},{"@type":"ImageObject","inLanguage":"es","@id":"https:\/\/www.airpes.com\/es\/airpes-cemat-2018-hall-024-stand-c56-23-27-abril\/#primaryimage","url":"https:\/\/www.airpes.com\/wp-content\/uploads\/2020\/09\/1803_airpes_news_cemat2018_1.jpg","contentUrl":"https:\/\/www.airpes.com\/wp-content\/uploads\/2020\/09\/1803_airpes_news_cemat2018_1.jpg","width":1200,"height":628,"caption":"Airpes at CeMAT 2018 01 | Airpes"},{"@type":"BreadcrumbList","@id":"https:\/\/www.airpes.com\/es\/airpes-cemat-2018-hall-024-stand-c56-23-27-abril\/#breadcrumb","itemListElement":[{"@type":"ListItem","position":1,"name":"Inicio","item":"https:\/\/www.airpes.com\/es\/"},{"@type":"ListItem","position":2,"name":"Airpes estar\u00e1 en CeMAT 2018: Hall 024 Stand C56 23-27 abril"}]},{"@type":"WebSite","@id":"https:\/\/www.airpes.com\/es\/#website","url":"https:\/\/www.airpes.com\/es\/","name":"Airpes","description":"Your lifting equipment supplier","publisher":{"@id":"https:\/\/www.airpes.com\/es\/#organization"},"potentialAction":[{"@type":"SearchAction","target":{"@type":"EntryPoint","urlTemplate":"https:\/\/www.airpes.com\/es\/?s={search_term_string}"},"query-input":{"@type":"PropertyValueSpecification","valueRequired":true,"valueName":"search_term_string"}}],"inLanguage":"es"},{"@type":"Organization","@id":"https:\/\/www.airpes.com\/es\/#organization","name":"Airpes","url":"https:\/\/www.airpes.com\/es\/","logo":{"@type":"ImageObject","inLanguage":"es","@id":"https:\/\/www.airpes.com\/es\/#\/schema\/logo\/image\/","url":"https:\/\/www.airpes.com\/wp-content\/uploads\/2020\/09\/logo.svg","contentUrl":"https:\/\/www.airpes.com\/wp-content\/uploads\/2020\/09\/logo.svg","width":193,"height":86,"caption":"Airpes"},"image":{"@id":"https:\/\/www.airpes.com\/es\/#\/schema\/logo\/image\/"},"sameAs":["https:\/\/www.facebook.com\/AIRPES","https:\/\/x.com\/AIRPES","https:\/\/www.instagram.com\/AIRPESlifting\/","https:\/\/www.linkedin.com\/company\/airpes"]},{"@type":"Person","@id":"https:\/\/www.airpes.com\/es\/#\/schema\/person\/1cdaba084f4ca234033298e712955aa3","name":"wide-marketing"}]}},"_links":{"self":[{"href":"https:\/\/www.airpes.com\/es\/wp-json\/wp\/v2\/posts\/105733","targetHints":{"allow":["GET"]}}],"collection":[{"href":"https:\/\/www.airpes.com\/es\/wp-json\/wp\/v2\/posts"}],"about":[{"href":"https:\/\/www.airpes.com\/es\/wp-json\/wp\/v2\/types\/post"}],"author":[{"embeddable":true,"href":"https:\/\/www.airpes.com\/es\/wp-json\/wp\/v2\/users\/7"}],"replies":[{"embeddable":true,"href":"https:\/\/www.airpes.com\/es\/wp-json\/wp\/v2\/comments?post=105733"}],"version-history":[{"count":3,"href":"https:\/\/www.airpes.com\/es\/wp-json\/wp\/v2\/posts\/105733\/revisions"}],"predecessor-version":[{"id":109045,"href":"https:\/\/www.airpes.com\/es\/wp-json\/wp\/v2\/posts\/105733\/revisions\/109045"}],"wp:featuredmedia":[{"embeddable":true,"href":"https:\/\/www.airpes.com\/es\/wp-json\/wp\/v2\/media\/102495"}],"wp:attachment":[{"href":"https:\/\/www.airpes.com\/es\/wp-json\/wp\/v2\/media?parent=105733"}],"wp:term":[{"taxonomy":"category","embeddable":true,"href":"https:\/\/www.airpes.com\/es\/wp-json\/wp\/v2\/categories?post=105733"},{"taxonomy":"post_tag","embeddable":true,"href":"https:\/\/www.airpes.com\/es\/wp-json\/wp\/v2\/tags?post=105733"}],"curies":[{"name":"wp","href":"https:\/\/api.w.org\/{rel}","templated":true}]}}