{"id":105709,"date":"2017-01-11T00:00:00","date_gmt":"2017-01-11T00:00:00","guid":{"rendered":"https:\/\/www.airpes.com\/?p=105709"},"modified":"2022-02-11T08:57:33","modified_gmt":"2022-02-11T08:57:33","slug":"jorg-richter-nuevo-director-general-de-airpes-gmbh-en-alemania","status":"publish","type":"post","link":"https:\/\/www.airpes.com\/es\/jorg-richter-nuevo-director-general-de-airpes-gmbh-en-alemania\/","title":{"rendered":"J\u00f6rg Richter, nuevo Director General de Airpes GmbH en Alemania"},"content":{"rendered":"<h2><img decoding=\"async\" class=\"aligncenter size-full wp-image-4483\" src=\"https:\/\/www.airpes.com\/wp-content\/uploads\/2020\/09\/1701_airpes_news_jorg.jpg\" alt=\"J\u00f6rg Richter | Managing Director Airpes GmbH | Airpes\"><\/h2>\n<h2><span style=\"color: #ffffff;\">.<\/span><\/h2>\n<h2>Un nuevo miembro en el equipo de Airpes<\/h2>\n<p>En <strong>Airpes<\/strong> trabajamos duro para hacerte las cosas m\u00e1s f\u00e1ciles. Te proporcionamos el equipamiento de<strong> elevaci\u00f3n, manutenci\u00f3n y pesaje<\/strong> m\u00e1s seguro y eficiente, innovando para mejorar la eficacia, reduciendo costes y ahorr\u00e1ndote mucho tiempo.<\/p>\n<p>Hoy damos la bienvenida a un nuevo miembro a nuestro equipo: J\u00f6rg Richter, el nuevo <strong>Director General de Airpes GmbH<\/strong>, la filial en Alemania de <strong>Airpes<\/strong>.<\/p>\n<p>Gracias a este nuevo puesto, podremos estar m\u00e1s cerca de ti con una base s\u00f3lida en toda Europa, facilitando el contacto y la oportunidad de conocerte y ayudarte a la hora de mover y elevar todo tipo de cargas.<\/p>\n<p>&nbsp;<\/p>\n<h3>Los mejores productos de elevaci\u00f3n y pesaje del mercado<\/h3>\n<p>En Airpes somos conocidos por la calidad de nuestros productos, as\u00ed como el servicio que ofrecemos en el sector industrial. En los negocios de<strong> puentes gr\u00faa<\/strong> o el <strong>sector e\u00f3lico<\/strong> hemos construido una s\u00f3lida reputaci\u00f3n por todo el mundo: Suram\u00e9rica, Asia, o Europa son algunos de los lugares en los que llevamos trabajando desde hace 25 a\u00f1os. Seguro que alguno de nuestros productos te puede ayudar.<\/p>\n<p>Adem\u00e1s, tambi\u00e9n ofrecemos <strong>soluciones a medida<\/strong>, para grandes proyectos que necesitan la m\u00e1xima precisi\u00f3n en su ejecuci\u00f3n.<\/p>\n<p>&nbsp;<\/p>\n<h3>Nuevo director general en Airpes Alemania<\/h3>\n<p>Desde aqu\u00ed recibimos a J\u00f6rg Richter como nuevo<strong> Director General de Airpes GmbH<\/strong> y te animamos a contactar con \u00e9l para reuniros. Te asesorar\u00e1 y te ayudar\u00e1 a encontrar la soluci\u00f3n a la necesidad de tu empresa. Tienes toda su informaci\u00f3n en la p\u00e1gina de <a href=\"https:\/\/www.airpes.com\/es\/company\/equipo\/\"><strong>equipo de Airpes<\/strong><\/a>.<\/p>\n<p>&nbsp;<\/p>\n<p><em>Willkommen, J\u00f6rg!<\/em><\/p>\n","protected":false},"excerpt":{"rendered":"<p>Hoy damos la bienvenida a un nuevo miembro a nuestro equipo: J\u00f6rg Richter, el nuevo Director General de Airpes GmbH, la filial en Alemania de Airpes.<\/p>\n","protected":false},"author":7,"featured_media":102427,"comment_status":"open","ping_status":"open","sticky":false,"template":"","format":"standard","meta":{"_acf_changed":false,"inline_featured_image":false,"footnotes":""},"categories":[231,233],"tags":[],"class_list":["post-105709","post","type-post","status-publish","format-standard","has-post-thumbnail","hentry","category-noticias","category-sobre-airpes"],"acf":[],"yoast_head":"<!-- This site is optimized with the Yoast SEO plugin v27.5 - https:\/\/yoast.com\/product\/yoast-seo-wordpress\/ -->\n<title>J\u00f6rg Richter, nuevo Director General en Alemania | Airpes<\/title>\n<meta name=\"description\" content=\"Hoy damos la bienvenida a un nuevo miembro a nuestro equipo: J\u00f6rg Richter, el nuevo Director General de Airpes GmbH, la filial en Alemania de Airpes.\" \/>\n<meta name=\"robots\" content=\"index, follow, max-snippet:-1, max-image-preview:large, max-video-preview:-1\" \/>\n<link rel=\"canonical\" href=\"https:\/\/www.airpes.com\/es\/jorg-richter-nuevo-director-general-de-airpes-gmbh-en-alemania\/\" \/>\n<meta property=\"og:locale\" content=\"es_ES\" \/>\n<meta property=\"og:type\" content=\"article\" \/>\n<meta property=\"og:title\" content=\"J\u00f6rg Richter, nuevo Director General en Alemania | Airpes\" \/>\n<meta property=\"og:description\" content=\"Hoy damos la bienvenida a un nuevo miembro a nuestro equipo: J\u00f6rg Richter, el nuevo Director General de Airpes GmbH, la filial en Alemania de Airpes.\" \/>\n<meta property=\"og:url\" content=\"https:\/\/www.airpes.com\/es\/jorg-richter-nuevo-director-general-de-airpes-gmbh-en-alemania\/\" \/>\n<meta property=\"og:site_name\" content=\"Airpes\" \/>\n<meta property=\"article:publisher\" content=\"https:\/\/www.facebook.com\/AIRPES\" \/>\n<meta property=\"article:published_time\" content=\"2017-01-11T00:00:00+00:00\" \/>\n<meta property=\"article:modified_time\" content=\"2022-02-11T08:57:33+00:00\" \/>\n<meta property=\"og:image\" content=\"https:\/\/www.airpes.com\/wp-content\/uploads\/2020\/09\/1701_airpes_news_jorg.jpg\" \/>\n\t<meta property=\"og:image:width\" content=\"1200\" \/>\n\t<meta property=\"og:image:height\" content=\"628\" \/>\n\t<meta property=\"og:image:type\" content=\"image\/jpeg\" \/>\n<meta name=\"author\" content=\"wide-marketing\" \/>\n<meta name=\"twitter:card\" content=\"summary_large_image\" \/>\n<meta name=\"twitter:creator\" content=\"@AIRPES\" \/>\n<meta name=\"twitter:site\" content=\"@AIRPES\" \/>\n<meta name=\"twitter:label1\" content=\"Escrito por\" \/>\n\t<meta name=\"twitter:data1\" content=\"wide-marketing\" \/>\n\t<meta name=\"twitter:label2\" content=\"Tiempo de lectura\" \/>\n\t<meta name=\"twitter:data2\" content=\"1 minuto\" \/>\n<script type=\"application\/ld+json\" class=\"yoast-schema-graph\">{\"@context\":\"https:\\\/\\\/schema.org\",\"@graph\":[{\"@type\":[\"Article\",\"BlogPosting\"],\"@id\":\"https:\\\/\\\/www.airpes.com\\\/es\\\/jorg-richter-nuevo-director-general-de-airpes-gmbh-en-alemania\\\/#article\",\"isPartOf\":{\"@id\":\"https:\\\/\\\/www.airpes.com\\\/es\\\/jorg-richter-nuevo-director-general-de-airpes-gmbh-en-alemania\\\/\"},\"author\":{\"name\":\"wide-marketing\",\"@id\":\"https:\\\/\\\/www.airpes.com\\\/es\\\/#\\\/schema\\\/person\\\/1cdaba084f4ca234033298e712955aa3\"},\"headline\":\"J\u00f6rg Richter, nuevo Director General de Airpes GmbH en Alemania\",\"datePublished\":\"2017-01-11T00:00:00+00:00\",\"dateModified\":\"2022-02-11T08:57:33+00:00\",\"mainEntityOfPage\":{\"@id\":\"https:\\\/\\\/www.airpes.com\\\/es\\\/jorg-richter-nuevo-director-general-de-airpes-gmbh-en-alemania\\\/\"},\"wordCount\":294,\"commentCount\":0,\"publisher\":{\"@id\":\"https:\\\/\\\/www.airpes.com\\\/es\\\/#organization\"},\"image\":{\"@id\":\"https:\\\/\\\/www.airpes.com\\\/es\\\/jorg-richter-nuevo-director-general-de-airpes-gmbh-en-alemania\\\/#primaryimage\"},\"thumbnailUrl\":\"https:\\\/\\\/www.airpes.com\\\/wp-content\\\/uploads\\\/2020\\\/09\\\/1701_airpes_news_jorg.jpg\",\"articleSection\":[\"Noticias\",\"Sobre airpes\"],\"inLanguage\":\"es\",\"potentialAction\":[{\"@type\":\"CommentAction\",\"name\":\"Comment\",\"target\":[\"https:\\\/\\\/www.airpes.com\\\/es\\\/jorg-richter-nuevo-director-general-de-airpes-gmbh-en-alemania\\\/#respond\"]}]},{\"@type\":\"WebPage\",\"@id\":\"https:\\\/\\\/www.airpes.com\\\/es\\\/jorg-richter-nuevo-director-general-de-airpes-gmbh-en-alemania\\\/\",\"url\":\"https:\\\/\\\/www.airpes.com\\\/es\\\/jorg-richter-nuevo-director-general-de-airpes-gmbh-en-alemania\\\/\",\"name\":\"J\u00f6rg Richter, nuevo Director General en Alemania | Airpes\",\"isPartOf\":{\"@id\":\"https:\\\/\\\/www.airpes.com\\\/es\\\/#website\"},\"primaryImageOfPage\":{\"@id\":\"https:\\\/\\\/www.airpes.com\\\/es\\\/jorg-richter-nuevo-director-general-de-airpes-gmbh-en-alemania\\\/#primaryimage\"},\"image\":{\"@id\":\"https:\\\/\\\/www.airpes.com\\\/es\\\/jorg-richter-nuevo-director-general-de-airpes-gmbh-en-alemania\\\/#primaryimage\"},\"thumbnailUrl\":\"https:\\\/\\\/www.airpes.com\\\/wp-content\\\/uploads\\\/2020\\\/09\\\/1701_airpes_news_jorg.jpg\",\"datePublished\":\"2017-01-11T00:00:00+00:00\",\"dateModified\":\"2022-02-11T08:57:33+00:00\",\"description\":\"Hoy damos la bienvenida a un nuevo miembro a nuestro equipo: J\u00f6rg Richter, el nuevo Director General de Airpes GmbH, la filial en Alemania de Airpes.\",\"breadcrumb\":{\"@id\":\"https:\\\/\\\/www.airpes.com\\\/es\\\/jorg-richter-nuevo-director-general-de-airpes-gmbh-en-alemania\\\/#breadcrumb\"},\"inLanguage\":\"es\",\"potentialAction\":[{\"@type\":\"ReadAction\",\"target\":[\"https:\\\/\\\/www.airpes.com\\\/es\\\/jorg-richter-nuevo-director-general-de-airpes-gmbh-en-alemania\\\/\"]}]},{\"@type\":\"ImageObject\",\"inLanguage\":\"es\",\"@id\":\"https:\\\/\\\/www.airpes.com\\\/es\\\/jorg-richter-nuevo-director-general-de-airpes-gmbh-en-alemania\\\/#primaryimage\",\"url\":\"https:\\\/\\\/www.airpes.com\\\/wp-content\\\/uploads\\\/2020\\\/09\\\/1701_airpes_news_jorg.jpg\",\"contentUrl\":\"https:\\\/\\\/www.airpes.com\\\/wp-content\\\/uploads\\\/2020\\\/09\\\/1701_airpes_news_jorg.jpg\",\"width\":1200,\"height\":628,\"caption\":\"J\u00f6rg Richter | Managing Director Airpes GmbH | Airpes\"},{\"@type\":\"BreadcrumbList\",\"@id\":\"https:\\\/\\\/www.airpes.com\\\/es\\\/jorg-richter-nuevo-director-general-de-airpes-gmbh-en-alemania\\\/#breadcrumb\",\"itemListElement\":[{\"@type\":\"ListItem\",\"position\":1,\"name\":\"Inicio\",\"item\":\"https:\\\/\\\/www.airpes.com\\\/es\\\/\"},{\"@type\":\"ListItem\",\"position\":2,\"name\":\"J\u00f6rg Richter, nuevo Director General de Airpes GmbH en Alemania\"}]},{\"@type\":\"WebSite\",\"@id\":\"https:\\\/\\\/www.airpes.com\\\/es\\\/#website\",\"url\":\"https:\\\/\\\/www.airpes.com\\\/es\\\/\",\"name\":\"Airpes\",\"description\":\"Your lifting equipment supplier\",\"publisher\":{\"@id\":\"https:\\\/\\\/www.airpes.com\\\/es\\\/#organization\"},\"potentialAction\":[{\"@type\":\"SearchAction\",\"target\":{\"@type\":\"EntryPoint\",\"urlTemplate\":\"https:\\\/\\\/www.airpes.com\\\/es\\\/?s={search_term_string}\"},\"query-input\":{\"@type\":\"PropertyValueSpecification\",\"valueRequired\":true,\"valueName\":\"search_term_string\"}}],\"inLanguage\":\"es\"},{\"@type\":\"Organization\",\"@id\":\"https:\\\/\\\/www.airpes.com\\\/es\\\/#organization\",\"name\":\"Airpes\",\"url\":\"https:\\\/\\\/www.airpes.com\\\/es\\\/\",\"logo\":{\"@type\":\"ImageObject\",\"inLanguage\":\"es\",\"@id\":\"https:\\\/\\\/www.airpes.com\\\/es\\\/#\\\/schema\\\/logo\\\/image\\\/\",\"url\":\"https:\\\/\\\/www.airpes.com\\\/wp-content\\\/uploads\\\/2020\\\/09\\\/logo.svg\",\"contentUrl\":\"https:\\\/\\\/www.airpes.com\\\/wp-content\\\/uploads\\\/2020\\\/09\\\/logo.svg\",\"width\":193,\"height\":86,\"caption\":\"Airpes\"},\"image\":{\"@id\":\"https:\\\/\\\/www.airpes.com\\\/es\\\/#\\\/schema\\\/logo\\\/image\\\/\"},\"sameAs\":[\"https:\\\/\\\/www.facebook.com\\\/AIRPES\",\"https:\\\/\\\/x.com\\\/AIRPES\",\"https:\\\/\\\/www.instagram.com\\\/AIRPESlifting\\\/\",\"https:\\\/\\\/www.linkedin.com\\\/company\\\/airpes\"]},{\"@type\":\"Person\",\"@id\":\"https:\\\/\\\/www.airpes.com\\\/es\\\/#\\\/schema\\\/person\\\/1cdaba084f4ca234033298e712955aa3\",\"name\":\"wide-marketing\"}]}<\/script>\n<!-- \/ Yoast SEO plugin. -->","yoast_head_json":{"title":"J\u00f6rg Richter, nuevo Director General en Alemania | Airpes","description":"Hoy damos la bienvenida a un nuevo miembro a nuestro equipo: J\u00f6rg Richter, el nuevo Director General de Airpes GmbH, la filial en Alemania de Airpes.","robots":{"index":"index","follow":"follow","max-snippet":"max-snippet:-1","max-image-preview":"max-image-preview:large","max-video-preview":"max-video-preview:-1"},"canonical":"https:\/\/www.airpes.com\/es\/jorg-richter-nuevo-director-general-de-airpes-gmbh-en-alemania\/","og_locale":"es_ES","og_type":"article","og_title":"J\u00f6rg Richter, nuevo Director General en Alemania | Airpes","og_description":"Hoy damos la bienvenida a un nuevo miembro a nuestro equipo: J\u00f6rg Richter, el nuevo Director General de Airpes GmbH, la filial en Alemania de Airpes.","og_url":"https:\/\/www.airpes.com\/es\/jorg-richter-nuevo-director-general-de-airpes-gmbh-en-alemania\/","og_site_name":"Airpes","article_publisher":"https:\/\/www.facebook.com\/AIRPES","article_published_time":"2017-01-11T00:00:00+00:00","article_modified_time":"2022-02-11T08:57:33+00:00","og_image":[{"width":1200,"height":628,"url":"https:\/\/www.airpes.com\/wp-content\/uploads\/2020\/09\/1701_airpes_news_jorg.jpg","type":"image\/jpeg"}],"author":"wide-marketing","twitter_card":"summary_large_image","twitter_creator":"@AIRPES","twitter_site":"@AIRPES","twitter_misc":{"Escrito por":"wide-marketing","Tiempo de lectura":"1 minuto"},"schema":{"@context":"https:\/\/schema.org","@graph":[{"@type":["Article","BlogPosting"],"@id":"https:\/\/www.airpes.com\/es\/jorg-richter-nuevo-director-general-de-airpes-gmbh-en-alemania\/#article","isPartOf":{"@id":"https:\/\/www.airpes.com\/es\/jorg-richter-nuevo-director-general-de-airpes-gmbh-en-alemania\/"},"author":{"name":"wide-marketing","@id":"https:\/\/www.airpes.com\/es\/#\/schema\/person\/1cdaba084f4ca234033298e712955aa3"},"headline":"J\u00f6rg Richter, nuevo Director General de Airpes GmbH en Alemania","datePublished":"2017-01-11T00:00:00+00:00","dateModified":"2022-02-11T08:57:33+00:00","mainEntityOfPage":{"@id":"https:\/\/www.airpes.com\/es\/jorg-richter-nuevo-director-general-de-airpes-gmbh-en-alemania\/"},"wordCount":294,"commentCount":0,"publisher":{"@id":"https:\/\/www.airpes.com\/es\/#organization"},"image":{"@id":"https:\/\/www.airpes.com\/es\/jorg-richter-nuevo-director-general-de-airpes-gmbh-en-alemania\/#primaryimage"},"thumbnailUrl":"https:\/\/www.airpes.com\/wp-content\/uploads\/2020\/09\/1701_airpes_news_jorg.jpg","articleSection":["Noticias","Sobre airpes"],"inLanguage":"es","potentialAction":[{"@type":"CommentAction","name":"Comment","target":["https:\/\/www.airpes.com\/es\/jorg-richter-nuevo-director-general-de-airpes-gmbh-en-alemania\/#respond"]}]},{"@type":"WebPage","@id":"https:\/\/www.airpes.com\/es\/jorg-richter-nuevo-director-general-de-airpes-gmbh-en-alemania\/","url":"https:\/\/www.airpes.com\/es\/jorg-richter-nuevo-director-general-de-airpes-gmbh-en-alemania\/","name":"J\u00f6rg Richter, nuevo Director General en Alemania | Airpes","isPartOf":{"@id":"https:\/\/www.airpes.com\/es\/#website"},"primaryImageOfPage":{"@id":"https:\/\/www.airpes.com\/es\/jorg-richter-nuevo-director-general-de-airpes-gmbh-en-alemania\/#primaryimage"},"image":{"@id":"https:\/\/www.airpes.com\/es\/jorg-richter-nuevo-director-general-de-airpes-gmbh-en-alemania\/#primaryimage"},"thumbnailUrl":"https:\/\/www.airpes.com\/wp-content\/uploads\/2020\/09\/1701_airpes_news_jorg.jpg","datePublished":"2017-01-11T00:00:00+00:00","dateModified":"2022-02-11T08:57:33+00:00","description":"Hoy damos la bienvenida a un nuevo miembro a nuestro equipo: J\u00f6rg Richter, el nuevo Director General de Airpes GmbH, la filial en Alemania de Airpes.","breadcrumb":{"@id":"https:\/\/www.airpes.com\/es\/jorg-richter-nuevo-director-general-de-airpes-gmbh-en-alemania\/#breadcrumb"},"inLanguage":"es","potentialAction":[{"@type":"ReadAction","target":["https:\/\/www.airpes.com\/es\/jorg-richter-nuevo-director-general-de-airpes-gmbh-en-alemania\/"]}]},{"@type":"ImageObject","inLanguage":"es","@id":"https:\/\/www.airpes.com\/es\/jorg-richter-nuevo-director-general-de-airpes-gmbh-en-alemania\/#primaryimage","url":"https:\/\/www.airpes.com\/wp-content\/uploads\/2020\/09\/1701_airpes_news_jorg.jpg","contentUrl":"https:\/\/www.airpes.com\/wp-content\/uploads\/2020\/09\/1701_airpes_news_jorg.jpg","width":1200,"height":628,"caption":"J\u00f6rg Richter | Managing Director Airpes GmbH | Airpes"},{"@type":"BreadcrumbList","@id":"https:\/\/www.airpes.com\/es\/jorg-richter-nuevo-director-general-de-airpes-gmbh-en-alemania\/#breadcrumb","itemListElement":[{"@type":"ListItem","position":1,"name":"Inicio","item":"https:\/\/www.airpes.com\/es\/"},{"@type":"ListItem","position":2,"name":"J\u00f6rg Richter, nuevo Director General de Airpes GmbH en Alemania"}]},{"@type":"WebSite","@id":"https:\/\/www.airpes.com\/es\/#website","url":"https:\/\/www.airpes.com\/es\/","name":"Airpes","description":"Your lifting equipment supplier","publisher":{"@id":"https:\/\/www.airpes.com\/es\/#organization"},"potentialAction":[{"@type":"SearchAction","target":{"@type":"EntryPoint","urlTemplate":"https:\/\/www.airpes.com\/es\/?s={search_term_string}"},"query-input":{"@type":"PropertyValueSpecification","valueRequired":true,"valueName":"search_term_string"}}],"inLanguage":"es"},{"@type":"Organization","@id":"https:\/\/www.airpes.com\/es\/#organization","name":"Airpes","url":"https:\/\/www.airpes.com\/es\/","logo":{"@type":"ImageObject","inLanguage":"es","@id":"https:\/\/www.airpes.com\/es\/#\/schema\/logo\/image\/","url":"https:\/\/www.airpes.com\/wp-content\/uploads\/2020\/09\/logo.svg","contentUrl":"https:\/\/www.airpes.com\/wp-content\/uploads\/2020\/09\/logo.svg","width":193,"height":86,"caption":"Airpes"},"image":{"@id":"https:\/\/www.airpes.com\/es\/#\/schema\/logo\/image\/"},"sameAs":["https:\/\/www.facebook.com\/AIRPES","https:\/\/x.com\/AIRPES","https:\/\/www.instagram.com\/AIRPESlifting\/","https:\/\/www.linkedin.com\/company\/airpes"]},{"@type":"Person","@id":"https:\/\/www.airpes.com\/es\/#\/schema\/person\/1cdaba084f4ca234033298e712955aa3","name":"wide-marketing"}]}},"_links":{"self":[{"href":"https:\/\/www.airpes.com\/es\/wp-json\/wp\/v2\/posts\/105709","targetHints":{"allow":["GET"]}}],"collection":[{"href":"https:\/\/www.airpes.com\/es\/wp-json\/wp\/v2\/posts"}],"about":[{"href":"https:\/\/www.airpes.com\/es\/wp-json\/wp\/v2\/types\/post"}],"author":[{"embeddable":true,"href":"https:\/\/www.airpes.com\/es\/wp-json\/wp\/v2\/users\/7"}],"replies":[{"embeddable":true,"href":"https:\/\/www.airpes.com\/es\/wp-json\/wp\/v2\/comments?post=105709"}],"version-history":[{"count":3,"href":"https:\/\/www.airpes.com\/es\/wp-json\/wp\/v2\/posts\/105709\/revisions"}],"predecessor-version":[{"id":111739,"href":"https:\/\/www.airpes.com\/es\/wp-json\/wp\/v2\/posts\/105709\/revisions\/111739"}],"wp:featuredmedia":[{"embeddable":true,"href":"https:\/\/www.airpes.com\/es\/wp-json\/wp\/v2\/media\/102427"}],"wp:attachment":[{"href":"https:\/\/www.airpes.com\/es\/wp-json\/wp\/v2\/media?parent=105709"}],"wp:term":[{"taxonomy":"category","embeddable":true,"href":"https:\/\/www.airpes.com\/es\/wp-json\/wp\/v2\/categories?post=105709"},{"taxonomy":"post_tag","embeddable":true,"href":"https:\/\/www.airpes.com\/es\/wp-json\/wp\/v2\/tags?post=105709"}],"curies":[{"name":"wp","href":"https:\/\/api.w.org\/{rel}","templated":true}]}}