{"id":105698,"date":"2018-12-24T00:00:00","date_gmt":"2018-12-24T00:00:00","guid":{"rendered":"https:\/\/www.airpes.com\/?p=105698"},"modified":"2021-01-13T17:19:56","modified_gmt":"2021-01-13T17:19:56","slug":"disenamos-un-sistema-de-elevacion-para-mover-palas-de-aerogenerador","status":"publish","type":"post","link":"https:\/\/www.airpes.com\/es\/disenamos-un-sistema-de-elevacion-para-mover-palas-de-aerogenerador\/","title":{"rendered":"Dise\u00f1amos un sistema de elevaci\u00f3n para mover palas de aerogenerador"},"content":{"rendered":"<h2>Soluci\u00f3n a medida para VESTAS<\/h2>\n<p>La \u00faltima <strong><a href=\"https:\/\/www.airpes.com\/es\/taylor-made\/\">soluci\u00f3n a medida<\/a><\/strong> de <strong>Airpes<\/strong> ha sido para la compa\u00f1\u00eda danesa <strong>VESTAS<\/strong>, con el dise\u00f1o y fabricaci\u00f3n de un sistema de elevaci\u00f3n para mover palas de <strong>aerogenerador<\/strong>.<\/p>\n<p>Preparando los env\u00edos de las palas, <strong>VESTAS<\/strong> se vio con la necesidad de mejorar la productividad y de encontrar una forma m\u00e1s \u00e1gil y efectiva, con la mejor seguridad, para poder llevar a cabo su proyecto.<\/p>\n<h3>Moviendo palas de aerogenerador<\/h3>\n<p>Las <strong>palas de aerogenerador<\/strong> se producen dentro de la planta de la empresa, pero su preparaci\u00f3n para el env\u00edo se realiza en el exterior, de forma que ten\u00edan que transportarlas y moverlas de una forma segura y eficiente.<\/p>\n<p>Airpes propuso el dise\u00f1o y construcci\u00f3n de un <a href=\"https:\/\/www.airpes.com\/es\/taylor-made\/equipo-de-elevacion-para-mover-palas-de-aerogenerador-vestas\/\"><strong>equipo de elevaci\u00f3n<\/strong> <\/a>tipo celos\u00eda. 4 winches regulables se encargan de las maniobras de elevaci\u00f3n y volteo, con un control hidr\u00e1ulico integrado a los comandos de la <strong>reachstacker<\/strong>.<\/p>\n<h3>Caracter\u00edsticas del equipo de elevaci\u00f3n<\/h3>\n<p>El<strong> sistema de elevaci\u00f3n<\/strong> cuenta con una pantalla t\u00e1ctil que controla, entre otros:<\/p>\n<h4>* El \u00e1ngulo<\/h4>\n<h4>* La carga con informaci\u00f3n del viento<\/h4>\n<h4>* La se\u00f1al de las c\u00e1maras de v\u00eddeo<\/h4>\n\n<h2>Mejora tu\u00a0productividad y eficiencia<\/h2>\n<p>Los principales objetivos de esta<strong> soluci\u00f3n a medida<\/strong> eran encontrar una forma segura y r\u00e1pida de mejorar la <strong>productividad<\/strong> en el trabajo, y con nuestro <strong>sistema de elevaci\u00f3n<\/strong> de <strong>palas de<\/strong> <strong>aerogenerador<\/strong> lo hemos conseguido.<\/p>\n<p>Si necesitas mejorar la forma en la que trabajas, o quieres llevar a cabo tus proyectos de una forma m\u00e1s r\u00e1pida y eficiente, en Airpes te podemos ayudar. Te asistimos, te escuchamos y juntos encontraremos la mejor soluci\u00f3n a tu necesidad.<\/p>\n<p>Nos encargamos de dise\u00f1ar, fabricar y probar el sistema de manutenci\u00f3n, elevaci\u00f3n pesaje. <strong><a href=\"https:\/\/www.airpes.com\/es\/taylor-made\/equipo-de-elevacion-para-mover-palas-de-aerogenerador-vestas\/\">Contacta con nosotros<\/a><\/strong> y pide un presupuesto.<\/p>\n<p><img loading=\"lazy\" decoding=\"async\" class=\"wp-image-3712 aligncenter\" src=\"https:\/\/www.airpes.com\/wp-content\/uploads\/2020\/09\/1605_airpes_news_ondemand_vestas_01.jpg\" alt=\"Moving wind turbine plates 06 | Lifting Equipment | VESTAS | Airpes\" width=\"720\" height=\"377\" \/><\/p>\n<p><span style=\"color: #ffffff;\">.<\/span><\/p>\n","protected":false},"excerpt":{"rendered":"<p>La \u00faltima soluci\u00f3n a medida de Airpes ha sido para la compa\u00f1\u00eda danesa VESTAS, con el dise\u00f1o y fabricaci\u00f3n de un sistema de elevaci\u00f3n para mover palas de aerogenerado<\/p>\n","protected":false},"author":7,"featured_media":102377,"comment_status":"closed","ping_status":"closed","sticky":false,"template":"","format":"standard","meta":{"_acf_changed":false,"inline_featured_image":false,"footnotes":""},"categories":[239],"tags":[],"class_list":["post-105698","post","type-post","status-publish","format-standard","has-post-thumbnail","hentry","category-proyectos-eolicos"],"acf":[],"yoast_head":"<!-- This site is optimized with the Yoast SEO plugin v27.5 - https:\/\/yoast.com\/product\/yoast-seo-wordpress\/ -->\n<title>Sistema de elevaci\u00f3n para palas de aerogenerador | Airpes<\/title>\n<meta name=\"description\" content=\"Descubre la \u00faltima soluci\u00f3n a medida de Airpes para la empresa VERTAS: un sistema de elevaci\u00f3n de palas de aerogenerador que ha aumentado su productividad.\" \/>\n<meta name=\"robots\" content=\"index, follow, max-snippet:-1, max-image-preview:large, max-video-preview:-1\" \/>\n<link rel=\"canonical\" href=\"https:\/\/www.airpes.com\/es\/disenamos-un-sistema-de-elevacion-para-mover-palas-de-aerogenerador\/\" \/>\n<meta property=\"og:locale\" content=\"es_ES\" \/>\n<meta property=\"og:type\" content=\"article\" \/>\n<meta property=\"og:title\" content=\"Sistema de elevaci\u00f3n para palas de aerogenerador | Airpes\" \/>\n<meta property=\"og:description\" content=\"Descubre la \u00faltima soluci\u00f3n a medida de Airpes para la empresa VERTAS: un sistema de elevaci\u00f3n de palas de aerogenerador que ha aumentado su productividad.\" \/>\n<meta property=\"og:url\" content=\"https:\/\/www.airpes.com\/es\/disenamos-un-sistema-de-elevacion-para-mover-palas-de-aerogenerador\/\" \/>\n<meta property=\"og:site_name\" content=\"Airpes\" \/>\n<meta property=\"article:publisher\" content=\"https:\/\/www.facebook.com\/AIRPES\" \/>\n<meta property=\"article:published_time\" content=\"2018-12-24T00:00:00+00:00\" \/>\n<meta property=\"article:modified_time\" content=\"2021-01-13T17:19:56+00:00\" \/>\n<meta property=\"og:image\" content=\"https:\/\/www.airpes.com\/wp-content\/uploads\/2020\/09\/1605_airpes_ondemand_vestas_lifting04.jpg\" \/>\n\t<meta property=\"og:image:width\" content=\"720\" \/>\n\t<meta property=\"og:image:height\" content=\"720\" \/>\n\t<meta property=\"og:image:type\" content=\"image\/jpeg\" \/>\n<meta name=\"author\" content=\"wide-marketing\" \/>\n<meta name=\"twitter:card\" content=\"summary_large_image\" \/>\n<meta name=\"twitter:creator\" content=\"@AIRPES\" \/>\n<meta name=\"twitter:site\" content=\"@AIRPES\" \/>\n<meta name=\"twitter:label1\" content=\"Escrito por\" \/>\n\t<meta name=\"twitter:data1\" content=\"wide-marketing\" \/>\n\t<meta name=\"twitter:label2\" content=\"Tiempo de lectura\" \/>\n\t<meta name=\"twitter:data2\" content=\"2 minutos\" \/>\n<script type=\"application\/ld+json\" class=\"yoast-schema-graph\">{\"@context\":\"https:\\\/\\\/schema.org\",\"@graph\":[{\"@type\":[\"Article\",\"BlogPosting\"],\"@id\":\"https:\\\/\\\/www.airpes.com\\\/es\\\/disenamos-un-sistema-de-elevacion-para-mover-palas-de-aerogenerador\\\/#article\",\"isPartOf\":{\"@id\":\"https:\\\/\\\/www.airpes.com\\\/es\\\/disenamos-un-sistema-de-elevacion-para-mover-palas-de-aerogenerador\\\/\"},\"author\":{\"name\":\"wide-marketing\",\"@id\":\"https:\\\/\\\/www.airpes.com\\\/es\\\/#\\\/schema\\\/person\\\/1cdaba084f4ca234033298e712955aa3\"},\"headline\":\"Dise\u00f1amos un sistema de elevaci\u00f3n para mover palas de aerogenerador\",\"datePublished\":\"2018-12-24T00:00:00+00:00\",\"dateModified\":\"2021-01-13T17:19:56+00:00\",\"mainEntityOfPage\":{\"@id\":\"https:\\\/\\\/www.airpes.com\\\/es\\\/disenamos-un-sistema-de-elevacion-para-mover-palas-de-aerogenerador\\\/\"},\"wordCount\":364,\"publisher\":{\"@id\":\"https:\\\/\\\/www.airpes.com\\\/es\\\/#organization\"},\"image\":{\"@id\":\"https:\\\/\\\/www.airpes.com\\\/es\\\/disenamos-un-sistema-de-elevacion-para-mover-palas-de-aerogenerador\\\/#primaryimage\"},\"thumbnailUrl\":\"https:\\\/\\\/www.airpes.com\\\/wp-content\\\/uploads\\\/2020\\\/09\\\/1605_airpes_ondemand_vestas_lifting04.jpg\",\"articleSection\":[\"Proyectos E\u00f3licos\"],\"inLanguage\":\"es\"},{\"@type\":\"WebPage\",\"@id\":\"https:\\\/\\\/www.airpes.com\\\/es\\\/disenamos-un-sistema-de-elevacion-para-mover-palas-de-aerogenerador\\\/\",\"url\":\"https:\\\/\\\/www.airpes.com\\\/es\\\/disenamos-un-sistema-de-elevacion-para-mover-palas-de-aerogenerador\\\/\",\"name\":\"Sistema de elevaci\u00f3n para palas de aerogenerador | Airpes\",\"isPartOf\":{\"@id\":\"https:\\\/\\\/www.airpes.com\\\/es\\\/#website\"},\"primaryImageOfPage\":{\"@id\":\"https:\\\/\\\/www.airpes.com\\\/es\\\/disenamos-un-sistema-de-elevacion-para-mover-palas-de-aerogenerador\\\/#primaryimage\"},\"image\":{\"@id\":\"https:\\\/\\\/www.airpes.com\\\/es\\\/disenamos-un-sistema-de-elevacion-para-mover-palas-de-aerogenerador\\\/#primaryimage\"},\"thumbnailUrl\":\"https:\\\/\\\/www.airpes.com\\\/wp-content\\\/uploads\\\/2020\\\/09\\\/1605_airpes_ondemand_vestas_lifting04.jpg\",\"datePublished\":\"2018-12-24T00:00:00+00:00\",\"dateModified\":\"2021-01-13T17:19:56+00:00\",\"description\":\"Descubre la \u00faltima soluci\u00f3n a medida de Airpes para la empresa VERTAS: un sistema de elevaci\u00f3n de palas de aerogenerador que ha aumentado su productividad.\",\"breadcrumb\":{\"@id\":\"https:\\\/\\\/www.airpes.com\\\/es\\\/disenamos-un-sistema-de-elevacion-para-mover-palas-de-aerogenerador\\\/#breadcrumb\"},\"inLanguage\":\"es\",\"potentialAction\":[{\"@type\":\"ReadAction\",\"target\":[\"https:\\\/\\\/www.airpes.com\\\/es\\\/disenamos-un-sistema-de-elevacion-para-mover-palas-de-aerogenerador\\\/\"]}]},{\"@type\":\"ImageObject\",\"inLanguage\":\"es\",\"@id\":\"https:\\\/\\\/www.airpes.com\\\/es\\\/disenamos-un-sistema-de-elevacion-para-mover-palas-de-aerogenerador\\\/#primaryimage\",\"url\":\"https:\\\/\\\/www.airpes.com\\\/wp-content\\\/uploads\\\/2020\\\/09\\\/1605_airpes_ondemand_vestas_lifting04.jpg\",\"contentUrl\":\"https:\\\/\\\/www.airpes.com\\\/wp-content\\\/uploads\\\/2020\\\/09\\\/1605_airpes_ondemand_vestas_lifting04.jpg\",\"width\":720,\"height\":720},{\"@type\":\"BreadcrumbList\",\"@id\":\"https:\\\/\\\/www.airpes.com\\\/es\\\/disenamos-un-sistema-de-elevacion-para-mover-palas-de-aerogenerador\\\/#breadcrumb\",\"itemListElement\":[{\"@type\":\"ListItem\",\"position\":1,\"name\":\"Inicio\",\"item\":\"https:\\\/\\\/www.airpes.com\\\/es\\\/\"},{\"@type\":\"ListItem\",\"position\":2,\"name\":\"Dise\u00f1amos un sistema de elevaci\u00f3n para mover palas de aerogenerador\"}]},{\"@type\":\"WebSite\",\"@id\":\"https:\\\/\\\/www.airpes.com\\\/es\\\/#website\",\"url\":\"https:\\\/\\\/www.airpes.com\\\/es\\\/\",\"name\":\"Airpes\",\"description\":\"Your lifting equipment supplier\",\"publisher\":{\"@id\":\"https:\\\/\\\/www.airpes.com\\\/es\\\/#organization\"},\"potentialAction\":[{\"@type\":\"SearchAction\",\"target\":{\"@type\":\"EntryPoint\",\"urlTemplate\":\"https:\\\/\\\/www.airpes.com\\\/es\\\/?s={search_term_string}\"},\"query-input\":{\"@type\":\"PropertyValueSpecification\",\"valueRequired\":true,\"valueName\":\"search_term_string\"}}],\"inLanguage\":\"es\"},{\"@type\":\"Organization\",\"@id\":\"https:\\\/\\\/www.airpes.com\\\/es\\\/#organization\",\"name\":\"Airpes\",\"url\":\"https:\\\/\\\/www.airpes.com\\\/es\\\/\",\"logo\":{\"@type\":\"ImageObject\",\"inLanguage\":\"es\",\"@id\":\"https:\\\/\\\/www.airpes.com\\\/es\\\/#\\\/schema\\\/logo\\\/image\\\/\",\"url\":\"https:\\\/\\\/www.airpes.com\\\/wp-content\\\/uploads\\\/2020\\\/09\\\/logo.svg\",\"contentUrl\":\"https:\\\/\\\/www.airpes.com\\\/wp-content\\\/uploads\\\/2020\\\/09\\\/logo.svg\",\"width\":193,\"height\":86,\"caption\":\"Airpes\"},\"image\":{\"@id\":\"https:\\\/\\\/www.airpes.com\\\/es\\\/#\\\/schema\\\/logo\\\/image\\\/\"},\"sameAs\":[\"https:\\\/\\\/www.facebook.com\\\/AIRPES\",\"https:\\\/\\\/x.com\\\/AIRPES\",\"https:\\\/\\\/www.instagram.com\\\/AIRPESlifting\\\/\",\"https:\\\/\\\/www.linkedin.com\\\/company\\\/airpes\"]},{\"@type\":\"Person\",\"@id\":\"https:\\\/\\\/www.airpes.com\\\/es\\\/#\\\/schema\\\/person\\\/1cdaba084f4ca234033298e712955aa3\",\"name\":\"wide-marketing\"}]}<\/script>\n<!-- \/ Yoast SEO plugin. -->","yoast_head_json":{"title":"Sistema de elevaci\u00f3n para palas de aerogenerador | Airpes","description":"Descubre la \u00faltima soluci\u00f3n a medida de Airpes para la empresa VERTAS: un sistema de elevaci\u00f3n de palas de aerogenerador que ha aumentado su productividad.","robots":{"index":"index","follow":"follow","max-snippet":"max-snippet:-1","max-image-preview":"max-image-preview:large","max-video-preview":"max-video-preview:-1"},"canonical":"https:\/\/www.airpes.com\/es\/disenamos-un-sistema-de-elevacion-para-mover-palas-de-aerogenerador\/","og_locale":"es_ES","og_type":"article","og_title":"Sistema de elevaci\u00f3n para palas de aerogenerador | Airpes","og_description":"Descubre la \u00faltima soluci\u00f3n a medida de Airpes para la empresa VERTAS: un sistema de elevaci\u00f3n de palas de aerogenerador que ha aumentado su productividad.","og_url":"https:\/\/www.airpes.com\/es\/disenamos-un-sistema-de-elevacion-para-mover-palas-de-aerogenerador\/","og_site_name":"Airpes","article_publisher":"https:\/\/www.facebook.com\/AIRPES","article_published_time":"2018-12-24T00:00:00+00:00","article_modified_time":"2021-01-13T17:19:56+00:00","og_image":[{"width":720,"height":720,"url":"https:\/\/www.airpes.com\/wp-content\/uploads\/2020\/09\/1605_airpes_ondemand_vestas_lifting04.jpg","type":"image\/jpeg"}],"author":"wide-marketing","twitter_card":"summary_large_image","twitter_creator":"@AIRPES","twitter_site":"@AIRPES","twitter_misc":{"Escrito por":"wide-marketing","Tiempo de lectura":"2 minutos"},"schema":{"@context":"https:\/\/schema.org","@graph":[{"@type":["Article","BlogPosting"],"@id":"https:\/\/www.airpes.com\/es\/disenamos-un-sistema-de-elevacion-para-mover-palas-de-aerogenerador\/#article","isPartOf":{"@id":"https:\/\/www.airpes.com\/es\/disenamos-un-sistema-de-elevacion-para-mover-palas-de-aerogenerador\/"},"author":{"name":"wide-marketing","@id":"https:\/\/www.airpes.com\/es\/#\/schema\/person\/1cdaba084f4ca234033298e712955aa3"},"headline":"Dise\u00f1amos un sistema de elevaci\u00f3n para mover palas de aerogenerador","datePublished":"2018-12-24T00:00:00+00:00","dateModified":"2021-01-13T17:19:56+00:00","mainEntityOfPage":{"@id":"https:\/\/www.airpes.com\/es\/disenamos-un-sistema-de-elevacion-para-mover-palas-de-aerogenerador\/"},"wordCount":364,"publisher":{"@id":"https:\/\/www.airpes.com\/es\/#organization"},"image":{"@id":"https:\/\/www.airpes.com\/es\/disenamos-un-sistema-de-elevacion-para-mover-palas-de-aerogenerador\/#primaryimage"},"thumbnailUrl":"https:\/\/www.airpes.com\/wp-content\/uploads\/2020\/09\/1605_airpes_ondemand_vestas_lifting04.jpg","articleSection":["Proyectos E\u00f3licos"],"inLanguage":"es"},{"@type":"WebPage","@id":"https:\/\/www.airpes.com\/es\/disenamos-un-sistema-de-elevacion-para-mover-palas-de-aerogenerador\/","url":"https:\/\/www.airpes.com\/es\/disenamos-un-sistema-de-elevacion-para-mover-palas-de-aerogenerador\/","name":"Sistema de elevaci\u00f3n para palas de aerogenerador | Airpes","isPartOf":{"@id":"https:\/\/www.airpes.com\/es\/#website"},"primaryImageOfPage":{"@id":"https:\/\/www.airpes.com\/es\/disenamos-un-sistema-de-elevacion-para-mover-palas-de-aerogenerador\/#primaryimage"},"image":{"@id":"https:\/\/www.airpes.com\/es\/disenamos-un-sistema-de-elevacion-para-mover-palas-de-aerogenerador\/#primaryimage"},"thumbnailUrl":"https:\/\/www.airpes.com\/wp-content\/uploads\/2020\/09\/1605_airpes_ondemand_vestas_lifting04.jpg","datePublished":"2018-12-24T00:00:00+00:00","dateModified":"2021-01-13T17:19:56+00:00","description":"Descubre la \u00faltima soluci\u00f3n a medida de Airpes para la empresa VERTAS: un sistema de elevaci\u00f3n de palas de aerogenerador que ha aumentado su productividad.","breadcrumb":{"@id":"https:\/\/www.airpes.com\/es\/disenamos-un-sistema-de-elevacion-para-mover-palas-de-aerogenerador\/#breadcrumb"},"inLanguage":"es","potentialAction":[{"@type":"ReadAction","target":["https:\/\/www.airpes.com\/es\/disenamos-un-sistema-de-elevacion-para-mover-palas-de-aerogenerador\/"]}]},{"@type":"ImageObject","inLanguage":"es","@id":"https:\/\/www.airpes.com\/es\/disenamos-un-sistema-de-elevacion-para-mover-palas-de-aerogenerador\/#primaryimage","url":"https:\/\/www.airpes.com\/wp-content\/uploads\/2020\/09\/1605_airpes_ondemand_vestas_lifting04.jpg","contentUrl":"https:\/\/www.airpes.com\/wp-content\/uploads\/2020\/09\/1605_airpes_ondemand_vestas_lifting04.jpg","width":720,"height":720},{"@type":"BreadcrumbList","@id":"https:\/\/www.airpes.com\/es\/disenamos-un-sistema-de-elevacion-para-mover-palas-de-aerogenerador\/#breadcrumb","itemListElement":[{"@type":"ListItem","position":1,"name":"Inicio","item":"https:\/\/www.airpes.com\/es\/"},{"@type":"ListItem","position":2,"name":"Dise\u00f1amos un sistema de elevaci\u00f3n para mover palas de aerogenerador"}]},{"@type":"WebSite","@id":"https:\/\/www.airpes.com\/es\/#website","url":"https:\/\/www.airpes.com\/es\/","name":"Airpes","description":"Your lifting equipment supplier","publisher":{"@id":"https:\/\/www.airpes.com\/es\/#organization"},"potentialAction":[{"@type":"SearchAction","target":{"@type":"EntryPoint","urlTemplate":"https:\/\/www.airpes.com\/es\/?s={search_term_string}"},"query-input":{"@type":"PropertyValueSpecification","valueRequired":true,"valueName":"search_term_string"}}],"inLanguage":"es"},{"@type":"Organization","@id":"https:\/\/www.airpes.com\/es\/#organization","name":"Airpes","url":"https:\/\/www.airpes.com\/es\/","logo":{"@type":"ImageObject","inLanguage":"es","@id":"https:\/\/www.airpes.com\/es\/#\/schema\/logo\/image\/","url":"https:\/\/www.airpes.com\/wp-content\/uploads\/2020\/09\/logo.svg","contentUrl":"https:\/\/www.airpes.com\/wp-content\/uploads\/2020\/09\/logo.svg","width":193,"height":86,"caption":"Airpes"},"image":{"@id":"https:\/\/www.airpes.com\/es\/#\/schema\/logo\/image\/"},"sameAs":["https:\/\/www.facebook.com\/AIRPES","https:\/\/x.com\/AIRPES","https:\/\/www.instagram.com\/AIRPESlifting\/","https:\/\/www.linkedin.com\/company\/airpes"]},{"@type":"Person","@id":"https:\/\/www.airpes.com\/es\/#\/schema\/person\/1cdaba084f4ca234033298e712955aa3","name":"wide-marketing"}]}},"_links":{"self":[{"href":"https:\/\/www.airpes.com\/es\/wp-json\/wp\/v2\/posts\/105698","targetHints":{"allow":["GET"]}}],"collection":[{"href":"https:\/\/www.airpes.com\/es\/wp-json\/wp\/v2\/posts"}],"about":[{"href":"https:\/\/www.airpes.com\/es\/wp-json\/wp\/v2\/types\/post"}],"author":[{"embeddable":true,"href":"https:\/\/www.airpes.com\/es\/wp-json\/wp\/v2\/users\/7"}],"replies":[{"embeddable":true,"href":"https:\/\/www.airpes.com\/es\/wp-json\/wp\/v2\/comments?post=105698"}],"version-history":[{"count":3,"href":"https:\/\/www.airpes.com\/es\/wp-json\/wp\/v2\/posts\/105698\/revisions"}],"predecessor-version":[{"id":109196,"href":"https:\/\/www.airpes.com\/es\/wp-json\/wp\/v2\/posts\/105698\/revisions\/109196"}],"wp:featuredmedia":[{"embeddable":true,"href":"https:\/\/www.airpes.com\/es\/wp-json\/wp\/v2\/media\/102377"}],"wp:attachment":[{"href":"https:\/\/www.airpes.com\/es\/wp-json\/wp\/v2\/media?parent=105698"}],"wp:term":[{"taxonomy":"category","embeddable":true,"href":"https:\/\/www.airpes.com\/es\/wp-json\/wp\/v2\/categories?post=105698"},{"taxonomy":"post_tag","embeddable":true,"href":"https:\/\/www.airpes.com\/es\/wp-json\/wp\/v2\/tags?post=105698"}],"curies":[{"name":"wp","href":"https:\/\/api.w.org\/{rel}","templated":true}]}}