{"id":105681,"date":"2015-09-22T00:00:00","date_gmt":"2015-09-22T00:00:00","guid":{"rendered":"https:\/\/www.airpes.com\/?p=105681"},"modified":"2021-01-11T16:53:06","modified_gmt":"2021-01-11T16:53:06","slug":"airpes-expone-en-ewea-2015-el-evento-de-la-energia-eolica","status":"publish","type":"post","link":"https:\/\/www.airpes.com\/es\/airpes-expone-en-ewea-2015-el-evento-de-la-energia-eolica\/","title":{"rendered":"Airpes expone en EWEA 2015, el evento de la energ\u00eda e\u00f3lica"},"content":{"rendered":"<h2>Airpes asiste a EWEA 2015, el evento de la energ\u00eda e\u00f3lica<\/h2>\n<p>Una vez m\u00e1s, Airpes participa en el evento m\u00e1s importante del sector de la<strong> energ\u00eda e\u00f3lica<\/strong>. 60 nacionalidades se encontrar\u00e1n en EWEA 2015 en Par\u00eds, del 17 al 20 de noviembre de este mismo a\u00f1o. Una gran oportunidad para que todas las empresas participantes presenten sus <strong>proyectos de energ\u00eda e\u00f3lica<\/strong>\u00a0y juntos puedan construir colaboraciones que resulten beneficiosas para todos.<\/p>\n<p>El a\u00f1o pasado presentamos nuestros productos de <strong>energ\u00eda e\u00f3lica<\/strong>\u00a0en la edici\u00f3n 2014 de EWEA que tuvo lugar en Barcelona<strong>, <\/strong>muy cerca de\u00a0la central de Airpes.\u00a0Este a\u00f1o 2015 viajaremos a Par\u00eds, capital de Francia, para redefinir, entre todos, la direcci\u00f3n que toma el sector de la <strong>energ\u00eda e\u00f3lica en Espa\u00f1a<\/strong>, Europa y en todo el mundo.<\/p>\n<p>Proyectos innovadores, servicios eficaces y eficientes pensados para hacer el trabajo m\u00e1s f\u00e1cil de la forma m\u00e1s \u00f3ptima posible. Con el <strong>sector e\u00f3lico<\/strong> como eje central, Airpes y el resto de participantes introducir\u00e1n sus servicios y productos que aportar\u00e1n negocio responsable\u00a0con el medio ambiente, algo que cada vez preocupa m\u00e1s a la ciudadan\u00eda, que se interesa por los <strong>proyectos de energ\u00eda e\u00f3lica<\/strong> en todo el mundo.<\/p>\n<h2>EWEA 2015, el evento anual del sector e\u00f3lico<\/h2>\n<p>EWEA es una reconocida plataforma internacional para que el sector de la <strong>energ\u00eda e\u00f3lica<\/strong> se muestre y presente sus \u00faltimos productos y servicios, tanto para la construcci\u00f3n de los propios elementos del sector como para la ingenier\u00eda relacionada con la puesta en marcha de los mismos. Adem\u00e1s de un programa muy completo de conferencias, el grueso del evento es la exposici\u00f3n en la que 60 pa\u00edses distintos presentan sus novedades en la <strong>industria e\u00f3lica<\/strong>.<\/p>\n<p>En esta ocasi\u00f3n el momento elegido es id\u00f3neo: dos semanas despu\u00e9s de\u00a0este evento clave en el sector de la <strong>energ\u00eda e\u00f3lica<\/strong>, las negociaciones de las Naciones Unidas sobre el clima tendr\u00e1n lugar en Par\u00eds, as\u00ed que ser\u00e1 una gran oportunidad para demostrar la fuerza del <strong>sector e\u00f3lico <\/strong>y todo lo que tiene que ofrecer en favor del medio ambiente.<\/p>\n<p>Adem\u00e1s de las diversas conferencias y exposiciones sobre el <strong>sector e\u00f3lico<\/strong>, EWEA contar\u00e1 con reuniones para favorecer el networking: B2B Meetings, eventos sociales, workshops y otros eventos alternativos que seguir\u00e1n la l\u00ednea de EWEA para mostrar todo lo que el <strong>sector e\u00f3lico<\/strong> tiene que ofrecer.<\/p>\n<p><center><iframe loading=\"lazy\" src=\"https:\/\/www.youtube.com\/embed\/XAG6XTgs7oY\" width=\"560\" height=\"315\" frameborder=\"0\" allowfullscreen=\"allowfullscreen\"><\/iframe><\/center>&nbsp;<\/p>\n<h2>Prep\u00e1rate para\u00a0EWEA con su\u00a0Technology Workshop en\u00a0octubre<\/h2>\n<p>Tienes menos de un mes para registrarte en EWEA. Mientras tanto, disfruta de la segunda edici\u00f3n del EWEA Technology Workshop en el <strong>sector e\u00f3lico<\/strong> que tendr\u00e1 lugar los d\u00edas 1 y 2 de octubre en Leuven, B\u00e9lgica. La mejor forma de prepararse para EWEA 2015 en Par\u00eds y un aperitivo de todos los <strong>proyectos de energ\u00eda e\u00f3lica<\/strong> que se presentar\u00e1n en noviembre,<\/p>\n<h2>Airpes\u00a0y la energ\u00eda e\u00f3lica<\/h2>\n<p>Sin duda, la participaci\u00f3n de Airpes en EWEA, evento clave de la <strong>energ\u00eda\u00a0e\u00f3lica,<\/strong> es toda una tradici\u00f3n y una gran oportunidad para\u00a0presentar sus sistemas de manutenci\u00f3n y pesaje y proyectos relacionados con la industria del <strong>sector e\u00f3lico<\/strong>.<\/p>\n<p>Si est\u00e1s en Par\u00eds a finales de noviembre y trabajas o te interesa la <strong>industria e\u00f3lica<\/strong>, no dudes en asistir a EWEA 2015, en Airpes te recibiremos, informaremos y asesoraremos sobre todos nuestros <strong>proyectos del sector e\u00f3lico.<\/strong><\/p>\n<p>&nbsp;<\/p>\n<p><img loading=\"lazy\" decoding=\"async\" class=\"aligncenter size-full wp-image-3099\" src=\"https:\/\/www.airpes.com\/wp-content\/uploads\/2020\/09\/1509_airpes_news_EWEA-Anuncio.jpg\" alt=\"EWEA 2015 | Wind industry | Airpes\" width=\"720\" height=\"720\" \/><\/p>\n","protected":false},"excerpt":{"rendered":"<p>Una vez m\u00e1s, Airpes participa en el evento m\u00e1s importante del sector de la energ\u00eda e\u00f3lica. 60 nacionalidades se encontrar\u00e1n en EWEA 2015 en Par\u00eds, del 17 al 20 de noviembre de este mismo a\u00f1o.<\/p>\n","protected":false},"author":7,"featured_media":102327,"comment_status":"closed","ping_status":"closed","sticky":false,"template":"","format":"standard","meta":{"_acf_changed":false,"inline_featured_image":false,"footnotes":""},"categories":[232,231],"tags":[],"class_list":["post-105681","post","type-post","status-publish","format-standard","has-post-thumbnail","hentry","category-eventos","category-noticias"],"acf":[],"yoast_head":"<!-- This site is optimized with the Yoast SEO plugin v27.5 - https:\/\/yoast.com\/product\/yoast-seo-wordpress\/ -->\n<title>Airpes expone en EWEA 2015 en Par\u00eds, Francia<\/title>\n<meta name=\"description\" content=\"Descubre todo sobre EWEA 2015, el evento del sector e\u00f3lico m\u00e1s importante del mundo.\" \/>\n<meta name=\"robots\" content=\"index, follow, max-snippet:-1, max-image-preview:large, max-video-preview:-1\" \/>\n<link rel=\"canonical\" href=\"https:\/\/www.airpes.com\/es\/airpes-expone-en-ewea-2015-el-evento-de-la-energia-eolica\/\" \/>\n<meta property=\"og:locale\" content=\"es_ES\" \/>\n<meta property=\"og:type\" content=\"article\" \/>\n<meta property=\"og:title\" content=\"Airpes expone en EWEA 2015 en Par\u00eds, Francia\" \/>\n<meta property=\"og:description\" content=\"Descubre todo sobre EWEA 2015, el evento del sector e\u00f3lico m\u00e1s importante del mundo.\" \/>\n<meta property=\"og:url\" content=\"https:\/\/www.airpes.com\/es\/airpes-expone-en-ewea-2015-el-evento-de-la-energia-eolica\/\" \/>\n<meta property=\"og:site_name\" content=\"Airpes\" \/>\n<meta property=\"article:publisher\" content=\"https:\/\/www.facebook.com\/AIRPES\" \/>\n<meta property=\"article:published_time\" content=\"2015-09-22T00:00:00+00:00\" \/>\n<meta property=\"article:modified_time\" content=\"2021-01-11T16:53:06+00:00\" \/>\n<meta property=\"og:image\" content=\"https:\/\/www.airpes.com\/wp-content\/uploads\/2020\/09\/1509_airpes_news_EWEA-Anuncio.jpg\" \/>\n\t<meta property=\"og:image:width\" content=\"720\" \/>\n\t<meta property=\"og:image:height\" content=\"720\" \/>\n\t<meta property=\"og:image:type\" content=\"image\/jpeg\" \/>\n<meta name=\"author\" content=\"wide-marketing\" \/>\n<meta name=\"twitter:card\" content=\"summary_large_image\" \/>\n<meta name=\"twitter:creator\" content=\"@AIRPES\" \/>\n<meta name=\"twitter:site\" content=\"@AIRPES\" \/>\n<meta name=\"twitter:label1\" content=\"Escrito por\" \/>\n\t<meta name=\"twitter:data1\" content=\"wide-marketing\" \/>\n\t<meta name=\"twitter:label2\" content=\"Tiempo de lectura\" \/>\n\t<meta name=\"twitter:data2\" content=\"3 minutos\" \/>\n<script type=\"application\/ld+json\" class=\"yoast-schema-graph\">{\"@context\":\"https:\\\/\\\/schema.org\",\"@graph\":[{\"@type\":[\"Article\",\"BlogPosting\"],\"@id\":\"https:\\\/\\\/www.airpes.com\\\/es\\\/airpes-expone-en-ewea-2015-el-evento-de-la-energia-eolica\\\/#article\",\"isPartOf\":{\"@id\":\"https:\\\/\\\/www.airpes.com\\\/es\\\/airpes-expone-en-ewea-2015-el-evento-de-la-energia-eolica\\\/\"},\"author\":{\"name\":\"wide-marketing\",\"@id\":\"https:\\\/\\\/www.airpes.com\\\/es\\\/#\\\/schema\\\/person\\\/1cdaba084f4ca234033298e712955aa3\"},\"headline\":\"Airpes expone en EWEA 2015, el evento de la energ\u00eda e\u00f3lica\",\"datePublished\":\"2015-09-22T00:00:00+00:00\",\"dateModified\":\"2021-01-11T16:53:06+00:00\",\"mainEntityOfPage\":{\"@id\":\"https:\\\/\\\/www.airpes.com\\\/es\\\/airpes-expone-en-ewea-2015-el-evento-de-la-energia-eolica\\\/\"},\"wordCount\":611,\"publisher\":{\"@id\":\"https:\\\/\\\/www.airpes.com\\\/es\\\/#organization\"},\"image\":{\"@id\":\"https:\\\/\\\/www.airpes.com\\\/es\\\/airpes-expone-en-ewea-2015-el-evento-de-la-energia-eolica\\\/#primaryimage\"},\"thumbnailUrl\":\"https:\\\/\\\/www.airpes.com\\\/wp-content\\\/uploads\\\/2020\\\/09\\\/1509_airpes_news_EWEA-Anuncio.jpg\",\"articleSection\":[\"Eventos\",\"Noticias\"],\"inLanguage\":\"es\"},{\"@type\":\"WebPage\",\"@id\":\"https:\\\/\\\/www.airpes.com\\\/es\\\/airpes-expone-en-ewea-2015-el-evento-de-la-energia-eolica\\\/\",\"url\":\"https:\\\/\\\/www.airpes.com\\\/es\\\/airpes-expone-en-ewea-2015-el-evento-de-la-energia-eolica\\\/\",\"name\":\"Airpes expone en EWEA 2015 en Par\u00eds, Francia\",\"isPartOf\":{\"@id\":\"https:\\\/\\\/www.airpes.com\\\/es\\\/#website\"},\"primaryImageOfPage\":{\"@id\":\"https:\\\/\\\/www.airpes.com\\\/es\\\/airpes-expone-en-ewea-2015-el-evento-de-la-energia-eolica\\\/#primaryimage\"},\"image\":{\"@id\":\"https:\\\/\\\/www.airpes.com\\\/es\\\/airpes-expone-en-ewea-2015-el-evento-de-la-energia-eolica\\\/#primaryimage\"},\"thumbnailUrl\":\"https:\\\/\\\/www.airpes.com\\\/wp-content\\\/uploads\\\/2020\\\/09\\\/1509_airpes_news_EWEA-Anuncio.jpg\",\"datePublished\":\"2015-09-22T00:00:00+00:00\",\"dateModified\":\"2021-01-11T16:53:06+00:00\",\"description\":\"Descubre todo sobre EWEA 2015, el evento del sector e\u00f3lico m\u00e1s importante del mundo.\",\"breadcrumb\":{\"@id\":\"https:\\\/\\\/www.airpes.com\\\/es\\\/airpes-expone-en-ewea-2015-el-evento-de-la-energia-eolica\\\/#breadcrumb\"},\"inLanguage\":\"es\",\"potentialAction\":[{\"@type\":\"ReadAction\",\"target\":[\"https:\\\/\\\/www.airpes.com\\\/es\\\/airpes-expone-en-ewea-2015-el-evento-de-la-energia-eolica\\\/\"]}]},{\"@type\":\"ImageObject\",\"inLanguage\":\"es\",\"@id\":\"https:\\\/\\\/www.airpes.com\\\/es\\\/airpes-expone-en-ewea-2015-el-evento-de-la-energia-eolica\\\/#primaryimage\",\"url\":\"https:\\\/\\\/www.airpes.com\\\/wp-content\\\/uploads\\\/2020\\\/09\\\/1509_airpes_news_EWEA-Anuncio.jpg\",\"contentUrl\":\"https:\\\/\\\/www.airpes.com\\\/wp-content\\\/uploads\\\/2020\\\/09\\\/1509_airpes_news_EWEA-Anuncio.jpg\",\"width\":720,\"height\":720,\"caption\":\"EWEA 2015 | Wind industry | Airpes\"},{\"@type\":\"BreadcrumbList\",\"@id\":\"https:\\\/\\\/www.airpes.com\\\/es\\\/airpes-expone-en-ewea-2015-el-evento-de-la-energia-eolica\\\/#breadcrumb\",\"itemListElement\":[{\"@type\":\"ListItem\",\"position\":1,\"name\":\"Inicio\",\"item\":\"https:\\\/\\\/www.airpes.com\\\/es\\\/\"},{\"@type\":\"ListItem\",\"position\":2,\"name\":\"Airpes expone en EWEA 2015, el evento de la energ\u00eda e\u00f3lica\"}]},{\"@type\":\"WebSite\",\"@id\":\"https:\\\/\\\/www.airpes.com\\\/es\\\/#website\",\"url\":\"https:\\\/\\\/www.airpes.com\\\/es\\\/\",\"name\":\"Airpes\",\"description\":\"Your lifting equipment supplier\",\"publisher\":{\"@id\":\"https:\\\/\\\/www.airpes.com\\\/es\\\/#organization\"},\"potentialAction\":[{\"@type\":\"SearchAction\",\"target\":{\"@type\":\"EntryPoint\",\"urlTemplate\":\"https:\\\/\\\/www.airpes.com\\\/es\\\/?s={search_term_string}\"},\"query-input\":{\"@type\":\"PropertyValueSpecification\",\"valueRequired\":true,\"valueName\":\"search_term_string\"}}],\"inLanguage\":\"es\"},{\"@type\":\"Organization\",\"@id\":\"https:\\\/\\\/www.airpes.com\\\/es\\\/#organization\",\"name\":\"Airpes\",\"url\":\"https:\\\/\\\/www.airpes.com\\\/es\\\/\",\"logo\":{\"@type\":\"ImageObject\",\"inLanguage\":\"es\",\"@id\":\"https:\\\/\\\/www.airpes.com\\\/es\\\/#\\\/schema\\\/logo\\\/image\\\/\",\"url\":\"https:\\\/\\\/www.airpes.com\\\/wp-content\\\/uploads\\\/2020\\\/09\\\/logo.svg\",\"contentUrl\":\"https:\\\/\\\/www.airpes.com\\\/wp-content\\\/uploads\\\/2020\\\/09\\\/logo.svg\",\"width\":193,\"height\":86,\"caption\":\"Airpes\"},\"image\":{\"@id\":\"https:\\\/\\\/www.airpes.com\\\/es\\\/#\\\/schema\\\/logo\\\/image\\\/\"},\"sameAs\":[\"https:\\\/\\\/www.facebook.com\\\/AIRPES\",\"https:\\\/\\\/x.com\\\/AIRPES\",\"https:\\\/\\\/www.instagram.com\\\/AIRPESlifting\\\/\",\"https:\\\/\\\/www.linkedin.com\\\/company\\\/airpes\"]},{\"@type\":\"Person\",\"@id\":\"https:\\\/\\\/www.airpes.com\\\/es\\\/#\\\/schema\\\/person\\\/1cdaba084f4ca234033298e712955aa3\",\"name\":\"wide-marketing\"}]}<\/script>\n<!-- \/ Yoast SEO plugin. -->","yoast_head_json":{"title":"Airpes expone en EWEA 2015 en Par\u00eds, Francia","description":"Descubre todo sobre EWEA 2015, el evento del sector e\u00f3lico m\u00e1s importante del mundo.","robots":{"index":"index","follow":"follow","max-snippet":"max-snippet:-1","max-image-preview":"max-image-preview:large","max-video-preview":"max-video-preview:-1"},"canonical":"https:\/\/www.airpes.com\/es\/airpes-expone-en-ewea-2015-el-evento-de-la-energia-eolica\/","og_locale":"es_ES","og_type":"article","og_title":"Airpes expone en EWEA 2015 en Par\u00eds, Francia","og_description":"Descubre todo sobre EWEA 2015, el evento del sector e\u00f3lico m\u00e1s importante del mundo.","og_url":"https:\/\/www.airpes.com\/es\/airpes-expone-en-ewea-2015-el-evento-de-la-energia-eolica\/","og_site_name":"Airpes","article_publisher":"https:\/\/www.facebook.com\/AIRPES","article_published_time":"2015-09-22T00:00:00+00:00","article_modified_time":"2021-01-11T16:53:06+00:00","og_image":[{"width":720,"height":720,"url":"https:\/\/www.airpes.com\/wp-content\/uploads\/2020\/09\/1509_airpes_news_EWEA-Anuncio.jpg","type":"image\/jpeg"}],"author":"wide-marketing","twitter_card":"summary_large_image","twitter_creator":"@AIRPES","twitter_site":"@AIRPES","twitter_misc":{"Escrito por":"wide-marketing","Tiempo de lectura":"3 minutos"},"schema":{"@context":"https:\/\/schema.org","@graph":[{"@type":["Article","BlogPosting"],"@id":"https:\/\/www.airpes.com\/es\/airpes-expone-en-ewea-2015-el-evento-de-la-energia-eolica\/#article","isPartOf":{"@id":"https:\/\/www.airpes.com\/es\/airpes-expone-en-ewea-2015-el-evento-de-la-energia-eolica\/"},"author":{"name":"wide-marketing","@id":"https:\/\/www.airpes.com\/es\/#\/schema\/person\/1cdaba084f4ca234033298e712955aa3"},"headline":"Airpes expone en EWEA 2015, el evento de la energ\u00eda e\u00f3lica","datePublished":"2015-09-22T00:00:00+00:00","dateModified":"2021-01-11T16:53:06+00:00","mainEntityOfPage":{"@id":"https:\/\/www.airpes.com\/es\/airpes-expone-en-ewea-2015-el-evento-de-la-energia-eolica\/"},"wordCount":611,"publisher":{"@id":"https:\/\/www.airpes.com\/es\/#organization"},"image":{"@id":"https:\/\/www.airpes.com\/es\/airpes-expone-en-ewea-2015-el-evento-de-la-energia-eolica\/#primaryimage"},"thumbnailUrl":"https:\/\/www.airpes.com\/wp-content\/uploads\/2020\/09\/1509_airpes_news_EWEA-Anuncio.jpg","articleSection":["Eventos","Noticias"],"inLanguage":"es"},{"@type":"WebPage","@id":"https:\/\/www.airpes.com\/es\/airpes-expone-en-ewea-2015-el-evento-de-la-energia-eolica\/","url":"https:\/\/www.airpes.com\/es\/airpes-expone-en-ewea-2015-el-evento-de-la-energia-eolica\/","name":"Airpes expone en EWEA 2015 en Par\u00eds, Francia","isPartOf":{"@id":"https:\/\/www.airpes.com\/es\/#website"},"primaryImageOfPage":{"@id":"https:\/\/www.airpes.com\/es\/airpes-expone-en-ewea-2015-el-evento-de-la-energia-eolica\/#primaryimage"},"image":{"@id":"https:\/\/www.airpes.com\/es\/airpes-expone-en-ewea-2015-el-evento-de-la-energia-eolica\/#primaryimage"},"thumbnailUrl":"https:\/\/www.airpes.com\/wp-content\/uploads\/2020\/09\/1509_airpes_news_EWEA-Anuncio.jpg","datePublished":"2015-09-22T00:00:00+00:00","dateModified":"2021-01-11T16:53:06+00:00","description":"Descubre todo sobre EWEA 2015, el evento del sector e\u00f3lico m\u00e1s importante del mundo.","breadcrumb":{"@id":"https:\/\/www.airpes.com\/es\/airpes-expone-en-ewea-2015-el-evento-de-la-energia-eolica\/#breadcrumb"},"inLanguage":"es","potentialAction":[{"@type":"ReadAction","target":["https:\/\/www.airpes.com\/es\/airpes-expone-en-ewea-2015-el-evento-de-la-energia-eolica\/"]}]},{"@type":"ImageObject","inLanguage":"es","@id":"https:\/\/www.airpes.com\/es\/airpes-expone-en-ewea-2015-el-evento-de-la-energia-eolica\/#primaryimage","url":"https:\/\/www.airpes.com\/wp-content\/uploads\/2020\/09\/1509_airpes_news_EWEA-Anuncio.jpg","contentUrl":"https:\/\/www.airpes.com\/wp-content\/uploads\/2020\/09\/1509_airpes_news_EWEA-Anuncio.jpg","width":720,"height":720,"caption":"EWEA 2015 | Wind industry | Airpes"},{"@type":"BreadcrumbList","@id":"https:\/\/www.airpes.com\/es\/airpes-expone-en-ewea-2015-el-evento-de-la-energia-eolica\/#breadcrumb","itemListElement":[{"@type":"ListItem","position":1,"name":"Inicio","item":"https:\/\/www.airpes.com\/es\/"},{"@type":"ListItem","position":2,"name":"Airpes expone en EWEA 2015, el evento de la energ\u00eda e\u00f3lica"}]},{"@type":"WebSite","@id":"https:\/\/www.airpes.com\/es\/#website","url":"https:\/\/www.airpes.com\/es\/","name":"Airpes","description":"Your lifting equipment supplier","publisher":{"@id":"https:\/\/www.airpes.com\/es\/#organization"},"potentialAction":[{"@type":"SearchAction","target":{"@type":"EntryPoint","urlTemplate":"https:\/\/www.airpes.com\/es\/?s={search_term_string}"},"query-input":{"@type":"PropertyValueSpecification","valueRequired":true,"valueName":"search_term_string"}}],"inLanguage":"es"},{"@type":"Organization","@id":"https:\/\/www.airpes.com\/es\/#organization","name":"Airpes","url":"https:\/\/www.airpes.com\/es\/","logo":{"@type":"ImageObject","inLanguage":"es","@id":"https:\/\/www.airpes.com\/es\/#\/schema\/logo\/image\/","url":"https:\/\/www.airpes.com\/wp-content\/uploads\/2020\/09\/logo.svg","contentUrl":"https:\/\/www.airpes.com\/wp-content\/uploads\/2020\/09\/logo.svg","width":193,"height":86,"caption":"Airpes"},"image":{"@id":"https:\/\/www.airpes.com\/es\/#\/schema\/logo\/image\/"},"sameAs":["https:\/\/www.facebook.com\/AIRPES","https:\/\/x.com\/AIRPES","https:\/\/www.instagram.com\/AIRPESlifting\/","https:\/\/www.linkedin.com\/company\/airpes"]},{"@type":"Person","@id":"https:\/\/www.airpes.com\/es\/#\/schema\/person\/1cdaba084f4ca234033298e712955aa3","name":"wide-marketing"}]}},"_links":{"self":[{"href":"https:\/\/www.airpes.com\/es\/wp-json\/wp\/v2\/posts\/105681","targetHints":{"allow":["GET"]}}],"collection":[{"href":"https:\/\/www.airpes.com\/es\/wp-json\/wp\/v2\/posts"}],"about":[{"href":"https:\/\/www.airpes.com\/es\/wp-json\/wp\/v2\/types\/post"}],"author":[{"embeddable":true,"href":"https:\/\/www.airpes.com\/es\/wp-json\/wp\/v2\/users\/7"}],"replies":[{"embeddable":true,"href":"https:\/\/www.airpes.com\/es\/wp-json\/wp\/v2\/comments?post=105681"}],"version-history":[{"count":2,"href":"https:\/\/www.airpes.com\/es\/wp-json\/wp\/v2\/posts\/105681\/revisions"}],"predecessor-version":[{"id":109107,"href":"https:\/\/www.airpes.com\/es\/wp-json\/wp\/v2\/posts\/105681\/revisions\/109107"}],"wp:featuredmedia":[{"embeddable":true,"href":"https:\/\/www.airpes.com\/es\/wp-json\/wp\/v2\/media\/102327"}],"wp:attachment":[{"href":"https:\/\/www.airpes.com\/es\/wp-json\/wp\/v2\/media?parent=105681"}],"wp:term":[{"taxonomy":"category","embeddable":true,"href":"https:\/\/www.airpes.com\/es\/wp-json\/wp\/v2\/categories?post=105681"},{"taxonomy":"post_tag","embeddable":true,"href":"https:\/\/www.airpes.com\/es\/wp-json\/wp\/v2\/tags?post=105681"}],"curies":[{"name":"wp","href":"https:\/\/api.w.org\/{rel}","templated":true}]}}