{"id":105674,"date":"2016-11-09T00:00:00","date_gmt":"2016-11-09T00:00:00","guid":{"rendered":"https:\/\/www.airpes.com\/?p=105674"},"modified":"2021-01-14T12:20:47","modified_gmt":"2021-01-14T12:20:47","slug":"nuevas-fotos-de-nuestros-bastidores-de-carga-motorizados-con-imanes","status":"publish","type":"post","link":"https:\/\/www.airpes.com\/es\/nuevas-fotos-de-nuestros-bastidores-de-carga-motorizados-con-imanes\/","title":{"rendered":"Nuevas fotos de nuestros bastidores de carga motorizados con imanes"},"content":{"rendered":"<h2>Bastidores de carga motorizados con imanes<\/h2>\n<p>En Airpes disfrutamos mostrando nuestros productos en movimiento. Hace ya unas semanas compartimos con vosotros el v\u00eddeo de nuestros <strong><a href=\"https:\/\/www.airpes.com\/es\/video-de-nuestros-bastidores-de-carga-motorizados-con-imanes\/\">bastidores de carga motorizados con imanes.<\/a><\/strong><\/p>\n<p>Como ya os contamos, testeamos ambos <strong>bastidores de carga,<\/strong> tanto el de 4t como el de 8t, funcionando a la perfecci\u00f3n y ofreciendo resultados muy satisfactorios gracias a su motor y a los imanes incluidos. Hoy queremos mostraros un poco m\u00e1s.<\/p>\n<h2>Galer\u00eda de fotos de nuestros bastidores de carga motorizados con imanes<\/h2>\n<p>Aqu\u00ed est\u00e1n las fotos de nuestros <strong>bastidores de carga motorizados con <a href=\"https:\/\/www.airpes.com\/es\/los-mejores-electroimanes-para-tu-empresa\/\">electroimanes<\/a>.<\/strong><\/p>\n\n<h2>Descubre nuestros bastidores de carga motorizados con imanes<strong>\u00a0<\/strong><\/h2>\n<p>Airpes dispone de <strong><a href=\"https:\/\/www.airpes.com\/es\/product\/bastidores-carga\/\">bastidores de carga<\/a><\/strong> para todo tipo de aplicaciones y sectores: energ\u00eda e\u00f3lica, turbinas, nacelles, rotores, paletas, etc., y tambi\u00e9n en sectores como acer\u00edas, f\u00e1bricas de papel, aeron\u00e1utica o energ\u00eda solar.<\/p>\n<p>Descubre los\u00a0<strong>bastidores de carga\u00a0<\/strong>de Airpes. <a href=\"https:\/\/www.airpes.com\/es\/contacto\/\">Contacta con nosotros<\/a>, pide presupuesto y te asesoraremos para encontrar los\u00a0bastidores de carga\u00a0que necesitas en tu proyecto.<\/p>\n<p><img loading=\"lazy\" decoding=\"async\" class=\"aligncenter size-full wp-image-2938\" src=\"https:\/\/www.airpes.com\/wp-content\/uploads\/2020\/09\/1507_airpes_news_fotos_liftingbeams2.jpg\" alt=\"Motorized lifting beam with magnets | Handling | Airpes\" width=\"720\" height=\"720\" \/><\/p>\n","protected":false},"excerpt":{"rendered":"<p>Bastidores de carga motorizados con imanes En Airpes disfrutamos mostrando nuestros productos en movimiento. Hace ya unas semanas compartimos con vosotros el v\u00eddeo de nuestros bastidores de carga motorizados con imanes. Como ya os contamos, testeamos ambos bastidores de carga, tanto el de 4t como el de 8t, funcionando a la perfecci\u00f3n y ofreciendo resultados muy satisfactorios gracias a su motor y a los imanes incluidos. Hoy queremos mostraros un poco m\u00e1s. Galer\u00eda de fotos de nuestros bastidores de carga motorizados con imanes Aqu\u00ed est\u00e1n las fotos de nuestros bastidores de carga motorizados con electroimanes. Descubre nuestros bastidores de carga motorizados con imanes\u00a0 Airpes dispone de bastidores de carga para todo tipo de aplicaciones y sectores: energ\u00eda e\u00f3lica, turbinas, nacelles, rotores, paletas, etc., y tambi\u00e9n en sectores como acer\u00edas, f\u00e1bricas de papel, aeron\u00e1utica o energ\u00eda solar. Descubre los\u00a0bastidores de carga\u00a0de Airpes. Contacta con nosotros, pide presupuesto y te asesoraremos para encontrar los\u00a0bastidores de carga\u00a0que necesitas en tu proyecto.<\/p>\n","protected":false},"author":7,"featured_media":102278,"comment_status":"closed","ping_status":"closed","sticky":false,"template":"","format":"standard","meta":{"_acf_changed":false,"inline_featured_image":false,"footnotes":""},"categories":[231,234],"tags":[],"class_list":["post-105674","post","type-post","status-publish","format-standard","has-post-thumbnail","hentry","category-noticias","category-nuevos-productos"],"acf":[],"yoast_head":"<!-- This site is optimized with the Yoast SEO plugin v27.5 - https:\/\/yoast.com\/product\/yoast-seo-wordpress\/ -->\n<title>Fotos de nuestros bastidores de carga motorizados con imanes<\/title>\n<meta name=\"description\" content=\"Descubre los bastidores de carga motorizados con imanes de Airpes en sus nuevas fotos.\" \/>\n<meta name=\"robots\" content=\"index, follow, max-snippet:-1, max-image-preview:large, max-video-preview:-1\" \/>\n<link rel=\"canonical\" href=\"https:\/\/www.airpes.com\/es\/nuevas-fotos-de-nuestros-bastidores-de-carga-motorizados-con-imanes\/\" \/>\n<meta property=\"og:locale\" content=\"es_ES\" \/>\n<meta property=\"og:type\" content=\"article\" \/>\n<meta property=\"og:title\" content=\"Fotos de nuestros bastidores de carga motorizados con imanes\" \/>\n<meta property=\"og:description\" content=\"Descubre los bastidores de carga motorizados con imanes de Airpes en sus nuevas fotos.\" \/>\n<meta property=\"og:url\" content=\"https:\/\/www.airpes.com\/es\/nuevas-fotos-de-nuestros-bastidores-de-carga-motorizados-con-imanes\/\" \/>\n<meta property=\"og:site_name\" content=\"Airpes\" \/>\n<meta property=\"article:publisher\" content=\"https:\/\/www.facebook.com\/AIRPES\" \/>\n<meta property=\"article:published_time\" content=\"2016-11-09T00:00:00+00:00\" \/>\n<meta property=\"article:modified_time\" content=\"2021-01-14T12:20:47+00:00\" \/>\n<meta property=\"og:image\" content=\"https:\/\/www.airpes.com\/wp-content\/uploads\/2020\/09\/1507_airpes_news_fotos_liftingbeams2.jpg\" \/>\n\t<meta property=\"og:image:width\" content=\"720\" \/>\n\t<meta property=\"og:image:height\" content=\"720\" \/>\n\t<meta property=\"og:image:type\" content=\"image\/jpeg\" \/>\n<meta name=\"author\" content=\"wide-marketing\" \/>\n<meta name=\"twitter:card\" content=\"summary_large_image\" \/>\n<meta name=\"twitter:creator\" content=\"@AIRPES\" \/>\n<meta name=\"twitter:site\" content=\"@AIRPES\" \/>\n<meta name=\"twitter:label1\" content=\"Escrito por\" \/>\n\t<meta name=\"twitter:data1\" content=\"wide-marketing\" \/>\n\t<meta name=\"twitter:label2\" content=\"Tiempo de lectura\" \/>\n\t<meta name=\"twitter:data2\" content=\"1 minuto\" \/>\n<script type=\"application\/ld+json\" class=\"yoast-schema-graph\">{\"@context\":\"https:\\\/\\\/schema.org\",\"@graph\":[{\"@type\":[\"Article\",\"BlogPosting\"],\"@id\":\"https:\\\/\\\/www.airpes.com\\\/es\\\/nuevas-fotos-de-nuestros-bastidores-de-carga-motorizados-con-imanes\\\/#article\",\"isPartOf\":{\"@id\":\"https:\\\/\\\/www.airpes.com\\\/es\\\/nuevas-fotos-de-nuestros-bastidores-de-carga-motorizados-con-imanes\\\/\"},\"author\":{\"name\":\"wide-marketing\",\"@id\":\"https:\\\/\\\/www.airpes.com\\\/es\\\/#\\\/schema\\\/person\\\/1cdaba084f4ca234033298e712955aa3\"},\"headline\":\"Nuevas fotos de nuestros bastidores de carga motorizados con imanes\",\"datePublished\":\"2016-11-09T00:00:00+00:00\",\"dateModified\":\"2021-01-14T12:20:47+00:00\",\"mainEntityOfPage\":{\"@id\":\"https:\\\/\\\/www.airpes.com\\\/es\\\/nuevas-fotos-de-nuestros-bastidores-de-carga-motorizados-con-imanes\\\/\"},\"wordCount\":253,\"publisher\":{\"@id\":\"https:\\\/\\\/www.airpes.com\\\/es\\\/#organization\"},\"image\":{\"@id\":\"https:\\\/\\\/www.airpes.com\\\/es\\\/nuevas-fotos-de-nuestros-bastidores-de-carga-motorizados-con-imanes\\\/#primaryimage\"},\"thumbnailUrl\":\"https:\\\/\\\/www.airpes.com\\\/wp-content\\\/uploads\\\/2020\\\/09\\\/1507_airpes_news_fotos_liftingbeams2.jpg\",\"articleSection\":[\"Noticias\",\"Nuevos productos\"],\"inLanguage\":\"es\"},{\"@type\":\"WebPage\",\"@id\":\"https:\\\/\\\/www.airpes.com\\\/es\\\/nuevas-fotos-de-nuestros-bastidores-de-carga-motorizados-con-imanes\\\/\",\"url\":\"https:\\\/\\\/www.airpes.com\\\/es\\\/nuevas-fotos-de-nuestros-bastidores-de-carga-motorizados-con-imanes\\\/\",\"name\":\"Fotos de nuestros bastidores de carga motorizados con imanes\",\"isPartOf\":{\"@id\":\"https:\\\/\\\/www.airpes.com\\\/es\\\/#website\"},\"primaryImageOfPage\":{\"@id\":\"https:\\\/\\\/www.airpes.com\\\/es\\\/nuevas-fotos-de-nuestros-bastidores-de-carga-motorizados-con-imanes\\\/#primaryimage\"},\"image\":{\"@id\":\"https:\\\/\\\/www.airpes.com\\\/es\\\/nuevas-fotos-de-nuestros-bastidores-de-carga-motorizados-con-imanes\\\/#primaryimage\"},\"thumbnailUrl\":\"https:\\\/\\\/www.airpes.com\\\/wp-content\\\/uploads\\\/2020\\\/09\\\/1507_airpes_news_fotos_liftingbeams2.jpg\",\"datePublished\":\"2016-11-09T00:00:00+00:00\",\"dateModified\":\"2021-01-14T12:20:47+00:00\",\"description\":\"Descubre los bastidores de carga motorizados con imanes de Airpes en sus nuevas fotos.\",\"breadcrumb\":{\"@id\":\"https:\\\/\\\/www.airpes.com\\\/es\\\/nuevas-fotos-de-nuestros-bastidores-de-carga-motorizados-con-imanes\\\/#breadcrumb\"},\"inLanguage\":\"es\",\"potentialAction\":[{\"@type\":\"ReadAction\",\"target\":[\"https:\\\/\\\/www.airpes.com\\\/es\\\/nuevas-fotos-de-nuestros-bastidores-de-carga-motorizados-con-imanes\\\/\"]}]},{\"@type\":\"ImageObject\",\"inLanguage\":\"es\",\"@id\":\"https:\\\/\\\/www.airpes.com\\\/es\\\/nuevas-fotos-de-nuestros-bastidores-de-carga-motorizados-con-imanes\\\/#primaryimage\",\"url\":\"https:\\\/\\\/www.airpes.com\\\/wp-content\\\/uploads\\\/2020\\\/09\\\/1507_airpes_news_fotos_liftingbeams2.jpg\",\"contentUrl\":\"https:\\\/\\\/www.airpes.com\\\/wp-content\\\/uploads\\\/2020\\\/09\\\/1507_airpes_news_fotos_liftingbeams2.jpg\",\"width\":720,\"height\":720,\"caption\":\"Motorized lifting beam with magnets | Handling | Airpes\"},{\"@type\":\"BreadcrumbList\",\"@id\":\"https:\\\/\\\/www.airpes.com\\\/es\\\/nuevas-fotos-de-nuestros-bastidores-de-carga-motorizados-con-imanes\\\/#breadcrumb\",\"itemListElement\":[{\"@type\":\"ListItem\",\"position\":1,\"name\":\"Inicio\",\"item\":\"https:\\\/\\\/www.airpes.com\\\/es\\\/\"},{\"@type\":\"ListItem\",\"position\":2,\"name\":\"Nuevas fotos de nuestros bastidores de carga motorizados con imanes\"}]},{\"@type\":\"WebSite\",\"@id\":\"https:\\\/\\\/www.airpes.com\\\/es\\\/#website\",\"url\":\"https:\\\/\\\/www.airpes.com\\\/es\\\/\",\"name\":\"Airpes\",\"description\":\"Your lifting equipment supplier\",\"publisher\":{\"@id\":\"https:\\\/\\\/www.airpes.com\\\/es\\\/#organization\"},\"potentialAction\":[{\"@type\":\"SearchAction\",\"target\":{\"@type\":\"EntryPoint\",\"urlTemplate\":\"https:\\\/\\\/www.airpes.com\\\/es\\\/?s={search_term_string}\"},\"query-input\":{\"@type\":\"PropertyValueSpecification\",\"valueRequired\":true,\"valueName\":\"search_term_string\"}}],\"inLanguage\":\"es\"},{\"@type\":\"Organization\",\"@id\":\"https:\\\/\\\/www.airpes.com\\\/es\\\/#organization\",\"name\":\"Airpes\",\"url\":\"https:\\\/\\\/www.airpes.com\\\/es\\\/\",\"logo\":{\"@type\":\"ImageObject\",\"inLanguage\":\"es\",\"@id\":\"https:\\\/\\\/www.airpes.com\\\/es\\\/#\\\/schema\\\/logo\\\/image\\\/\",\"url\":\"https:\\\/\\\/www.airpes.com\\\/wp-content\\\/uploads\\\/2020\\\/09\\\/logo.svg\",\"contentUrl\":\"https:\\\/\\\/www.airpes.com\\\/wp-content\\\/uploads\\\/2020\\\/09\\\/logo.svg\",\"width\":193,\"height\":86,\"caption\":\"Airpes\"},\"image\":{\"@id\":\"https:\\\/\\\/www.airpes.com\\\/es\\\/#\\\/schema\\\/logo\\\/image\\\/\"},\"sameAs\":[\"https:\\\/\\\/www.facebook.com\\\/AIRPES\",\"https:\\\/\\\/x.com\\\/AIRPES\",\"https:\\\/\\\/www.instagram.com\\\/AIRPESlifting\\\/\",\"https:\\\/\\\/www.linkedin.com\\\/company\\\/airpes\"]},{\"@type\":\"Person\",\"@id\":\"https:\\\/\\\/www.airpes.com\\\/es\\\/#\\\/schema\\\/person\\\/1cdaba084f4ca234033298e712955aa3\",\"name\":\"wide-marketing\"}]}<\/script>\n<!-- \/ Yoast SEO plugin. -->","yoast_head_json":{"title":"Fotos de nuestros bastidores de carga motorizados con imanes","description":"Descubre los bastidores de carga motorizados con imanes de Airpes en sus nuevas fotos.","robots":{"index":"index","follow":"follow","max-snippet":"max-snippet:-1","max-image-preview":"max-image-preview:large","max-video-preview":"max-video-preview:-1"},"canonical":"https:\/\/www.airpes.com\/es\/nuevas-fotos-de-nuestros-bastidores-de-carga-motorizados-con-imanes\/","og_locale":"es_ES","og_type":"article","og_title":"Fotos de nuestros bastidores de carga motorizados con imanes","og_description":"Descubre los bastidores de carga motorizados con imanes de Airpes en sus nuevas fotos.","og_url":"https:\/\/www.airpes.com\/es\/nuevas-fotos-de-nuestros-bastidores-de-carga-motorizados-con-imanes\/","og_site_name":"Airpes","article_publisher":"https:\/\/www.facebook.com\/AIRPES","article_published_time":"2016-11-09T00:00:00+00:00","article_modified_time":"2021-01-14T12:20:47+00:00","og_image":[{"width":720,"height":720,"url":"https:\/\/www.airpes.com\/wp-content\/uploads\/2020\/09\/1507_airpes_news_fotos_liftingbeams2.jpg","type":"image\/jpeg"}],"author":"wide-marketing","twitter_card":"summary_large_image","twitter_creator":"@AIRPES","twitter_site":"@AIRPES","twitter_misc":{"Escrito por":"wide-marketing","Tiempo de lectura":"1 minuto"},"schema":{"@context":"https:\/\/schema.org","@graph":[{"@type":["Article","BlogPosting"],"@id":"https:\/\/www.airpes.com\/es\/nuevas-fotos-de-nuestros-bastidores-de-carga-motorizados-con-imanes\/#article","isPartOf":{"@id":"https:\/\/www.airpes.com\/es\/nuevas-fotos-de-nuestros-bastidores-de-carga-motorizados-con-imanes\/"},"author":{"name":"wide-marketing","@id":"https:\/\/www.airpes.com\/es\/#\/schema\/person\/1cdaba084f4ca234033298e712955aa3"},"headline":"Nuevas fotos de nuestros bastidores de carga motorizados con imanes","datePublished":"2016-11-09T00:00:00+00:00","dateModified":"2021-01-14T12:20:47+00:00","mainEntityOfPage":{"@id":"https:\/\/www.airpes.com\/es\/nuevas-fotos-de-nuestros-bastidores-de-carga-motorizados-con-imanes\/"},"wordCount":253,"publisher":{"@id":"https:\/\/www.airpes.com\/es\/#organization"},"image":{"@id":"https:\/\/www.airpes.com\/es\/nuevas-fotos-de-nuestros-bastidores-de-carga-motorizados-con-imanes\/#primaryimage"},"thumbnailUrl":"https:\/\/www.airpes.com\/wp-content\/uploads\/2020\/09\/1507_airpes_news_fotos_liftingbeams2.jpg","articleSection":["Noticias","Nuevos productos"],"inLanguage":"es"},{"@type":"WebPage","@id":"https:\/\/www.airpes.com\/es\/nuevas-fotos-de-nuestros-bastidores-de-carga-motorizados-con-imanes\/","url":"https:\/\/www.airpes.com\/es\/nuevas-fotos-de-nuestros-bastidores-de-carga-motorizados-con-imanes\/","name":"Fotos de nuestros bastidores de carga motorizados con imanes","isPartOf":{"@id":"https:\/\/www.airpes.com\/es\/#website"},"primaryImageOfPage":{"@id":"https:\/\/www.airpes.com\/es\/nuevas-fotos-de-nuestros-bastidores-de-carga-motorizados-con-imanes\/#primaryimage"},"image":{"@id":"https:\/\/www.airpes.com\/es\/nuevas-fotos-de-nuestros-bastidores-de-carga-motorizados-con-imanes\/#primaryimage"},"thumbnailUrl":"https:\/\/www.airpes.com\/wp-content\/uploads\/2020\/09\/1507_airpes_news_fotos_liftingbeams2.jpg","datePublished":"2016-11-09T00:00:00+00:00","dateModified":"2021-01-14T12:20:47+00:00","description":"Descubre los bastidores de carga motorizados con imanes de Airpes en sus nuevas fotos.","breadcrumb":{"@id":"https:\/\/www.airpes.com\/es\/nuevas-fotos-de-nuestros-bastidores-de-carga-motorizados-con-imanes\/#breadcrumb"},"inLanguage":"es","potentialAction":[{"@type":"ReadAction","target":["https:\/\/www.airpes.com\/es\/nuevas-fotos-de-nuestros-bastidores-de-carga-motorizados-con-imanes\/"]}]},{"@type":"ImageObject","inLanguage":"es","@id":"https:\/\/www.airpes.com\/es\/nuevas-fotos-de-nuestros-bastidores-de-carga-motorizados-con-imanes\/#primaryimage","url":"https:\/\/www.airpes.com\/wp-content\/uploads\/2020\/09\/1507_airpes_news_fotos_liftingbeams2.jpg","contentUrl":"https:\/\/www.airpes.com\/wp-content\/uploads\/2020\/09\/1507_airpes_news_fotos_liftingbeams2.jpg","width":720,"height":720,"caption":"Motorized lifting beam with magnets | Handling | Airpes"},{"@type":"BreadcrumbList","@id":"https:\/\/www.airpes.com\/es\/nuevas-fotos-de-nuestros-bastidores-de-carga-motorizados-con-imanes\/#breadcrumb","itemListElement":[{"@type":"ListItem","position":1,"name":"Inicio","item":"https:\/\/www.airpes.com\/es\/"},{"@type":"ListItem","position":2,"name":"Nuevas fotos de nuestros bastidores de carga motorizados con imanes"}]},{"@type":"WebSite","@id":"https:\/\/www.airpes.com\/es\/#website","url":"https:\/\/www.airpes.com\/es\/","name":"Airpes","description":"Your lifting equipment supplier","publisher":{"@id":"https:\/\/www.airpes.com\/es\/#organization"},"potentialAction":[{"@type":"SearchAction","target":{"@type":"EntryPoint","urlTemplate":"https:\/\/www.airpes.com\/es\/?s={search_term_string}"},"query-input":{"@type":"PropertyValueSpecification","valueRequired":true,"valueName":"search_term_string"}}],"inLanguage":"es"},{"@type":"Organization","@id":"https:\/\/www.airpes.com\/es\/#organization","name":"Airpes","url":"https:\/\/www.airpes.com\/es\/","logo":{"@type":"ImageObject","inLanguage":"es","@id":"https:\/\/www.airpes.com\/es\/#\/schema\/logo\/image\/","url":"https:\/\/www.airpes.com\/wp-content\/uploads\/2020\/09\/logo.svg","contentUrl":"https:\/\/www.airpes.com\/wp-content\/uploads\/2020\/09\/logo.svg","width":193,"height":86,"caption":"Airpes"},"image":{"@id":"https:\/\/www.airpes.com\/es\/#\/schema\/logo\/image\/"},"sameAs":["https:\/\/www.facebook.com\/AIRPES","https:\/\/x.com\/AIRPES","https:\/\/www.instagram.com\/AIRPESlifting\/","https:\/\/www.linkedin.com\/company\/airpes"]},{"@type":"Person","@id":"https:\/\/www.airpes.com\/es\/#\/schema\/person\/1cdaba084f4ca234033298e712955aa3","name":"wide-marketing"}]}},"_links":{"self":[{"href":"https:\/\/www.airpes.com\/es\/wp-json\/wp\/v2\/posts\/105674","targetHints":{"allow":["GET"]}}],"collection":[{"href":"https:\/\/www.airpes.com\/es\/wp-json\/wp\/v2\/posts"}],"about":[{"href":"https:\/\/www.airpes.com\/es\/wp-json\/wp\/v2\/types\/post"}],"author":[{"embeddable":true,"href":"https:\/\/www.airpes.com\/es\/wp-json\/wp\/v2\/users\/7"}],"replies":[{"embeddable":true,"href":"https:\/\/www.airpes.com\/es\/wp-json\/wp\/v2\/comments?post=105674"}],"version-history":[{"count":2,"href":"https:\/\/www.airpes.com\/es\/wp-json\/wp\/v2\/posts\/105674\/revisions"}],"predecessor-version":[{"id":109246,"href":"https:\/\/www.airpes.com\/es\/wp-json\/wp\/v2\/posts\/105674\/revisions\/109246"}],"wp:featuredmedia":[{"embeddable":true,"href":"https:\/\/www.airpes.com\/es\/wp-json\/wp\/v2\/media\/102278"}],"wp:attachment":[{"href":"https:\/\/www.airpes.com\/es\/wp-json\/wp\/v2\/media?parent=105674"}],"wp:term":[{"taxonomy":"category","embeddable":true,"href":"https:\/\/www.airpes.com\/es\/wp-json\/wp\/v2\/categories?post=105674"},{"taxonomy":"post_tag","embeddable":true,"href":"https:\/\/www.airpes.com\/es\/wp-json\/wp\/v2\/tags?post=105674"}],"curies":[{"name":"wp","href":"https:\/\/api.w.org\/{rel}","templated":true}]}}